{"id":180,"date":"2015-09-18T17:24:47","date_gmt":"2015-09-18T15:24:47","guid":{"rendered":"http:\/\/www.convenciovalencianista.org\/?p=180"},"modified":"2015-09-21T19:06:11","modified_gmt":"2015-09-21T17:06:11","slug":"comunicat-concentracio-del-19-de-setembre","status":"publish","type":"post","link":"https:\/\/convenciovalencianista.org\/?p=180","title":{"rendered":"Comunicat Concentraci\u00f3 del 19 de Setembre"},"content":{"rendered":"<p>Convenci\u00f3 Valencianista vol fer p\u00fablica la seua decisi\u00f3 de no participar en la concentraci\u00f3 que diverses associacions d&#8217;\u00e0mbit cultural i social valenci\u00e0 han convocat per al pr\u00f3xim 19 de setembre . Les raons per les quals no participar\u00e0 son:<\/p>\n<ul>\n<li>Encara que rebugem les declaracions de membres del Consell adu\u00efdes en la convocat\u00f2ria, considerem que, sent totes relatives al passat, quan encara no ocupaven eixos c\u00e0rrecs i, per tant, quan no representaven al poble valenci\u00e0 en el seu conjunt, no podem utilisar-les ara com a justificaci\u00f3 per a una movilisaci\u00f3.<\/li>\n<li>Les accions mampreses fins al moment pel Consell i per alguns ajuntaments no podem considerar que atenten a les nostres senyes d&#8217;identitat.<\/li>\n<li>La coincid\u00e8ncia de la convocat\u00f2ria en la campanya electoral catalana pot convertir-la en facilitat en una concentraci\u00f3 anticatalanista, i no valencianista, cam\u00ed pel qual Convenci\u00f3 Valencianista no vol discorrer.<br \/>\nEsta postura oficial no es incompatible en el fet de que qualsevol dels seus socis, a t\u00edtul personal, vullga acodir o recolzar-la.<\/li>\n<\/ul>\n<p style=\"text-align: right;\">Val\u00e9ncia a 17 de setembre de 2015<\/p>\n","protected":false},"excerpt":{"rendered":"<p>Convenci\u00f3 Valencianista vol fer p\u00fablica la seua decisi\u00f3 de no participar en la concentraci\u00f3 que diverses associacions d&#8217;\u00e0mbit cultural i social valenci\u00e0 han convocat per al pr\u00f3xim 19 de setembre . Les raons per les quals no participar\u00e0 son: Encara que rebugem les declaracions de membres del Consell adu\u00efdes en la convocat\u00f2ria, considerem que, sent [&hellip;]<\/p>\n","protected":false},"author":2,"featured_media":0,"comment_status":"closed","ping_status":"closed","sticky":false,"template":"","format":"standard","meta":{"footnotes":""},"categories":[5],"tags":[],"yoast_head":"<!-- This site is optimized with the Yoast SEO plugin v21.5 - https:\/\/yoast.com\/wordpress\/plugins\/seo\/ -->\n<title>Comunicat Concentraci\u00f3 del 19 de Setembre - Convenci\u00f3 Valencianista<\/title>\n<meta name=\"robots\" content=\"index, follow, max-snippet:-1, max-image-preview:large, max-video-preview:-1\" \/>\n<link rel=\"canonical\" href=\"https:\/\/convenciovalencianista.org\/?p=180\" \/>\n<meta property=\"og:locale\" content=\"es_ES\" \/>\n<meta property=\"og:type\" content=\"article\" \/>\n<meta property=\"og:title\" content=\"Comunicat Concentraci\u00f3 del 19 de Setembre - Convenci\u00f3 Valencianista\" \/>\n<meta property=\"og:description\" content=\"Convenci\u00f3 Valencianista vol fer p\u00fablica la seua decisi\u00f3 de no participar en la concentraci\u00f3 que diverses associacions d&#8217;\u00e0mbit cultural i social valenci\u00e0 han convocat per al pr\u00f3xim 19 de setembre . Les raons per les quals no participar\u00e0 son: Encara que rebugem les declaracions de membres del Consell adu\u00efdes en la convocat\u00f2ria, considerem que, sent [&hellip;]\" \/>\n<meta property=\"og:url\" content=\"https:\/\/convenciovalencianista.org\/?p=180\" \/>\n<meta property=\"og:site_name\" content=\"Convenci\u00f3 Valencianista\" \/>\n<meta property=\"article:published_time\" content=\"2015-09-18T15:24:47+00:00\" \/>\n<meta property=\"article:modified_time\" content=\"2015-09-21T17:06:11+00:00\" \/>\n<meta name=\"author\" content=\"Jose\" \/>\n<meta name=\"twitter:card\" content=\"summary_large_image\" \/>\n<meta name=\"twitter:label1\" content=\"Escrito por\" \/>\n\t<meta name=\"twitter:data1\" content=\"Jose\" \/>\n\t<meta name=\"twitter:label2\" content=\"Tiempo de lectura\" \/>\n\t<meta name=\"twitter:data2\" content=\"1 minuto\" \/>\n<script type=\"application\/ld+json\" class=\"yoast-schema-graph\">{\"@context\":\"https:\/\/schema.org\",\"@graph\":[{\"@type\":\"WebPage\",\"@id\":\"https:\/\/convenciovalencianista.org\/?p=180\",\"url\":\"https:\/\/convenciovalencianista.org\/?p=180\",\"name\":\"Comunicat Concentraci\u00f3 del 19 de Setembre - Convenci\u00f3 Valencianista\",\"isPartOf\":{\"@id\":\"https:\/\/convenciovalencianista.org\/#website\"},\"datePublished\":\"2015-09-18T15:24:47+00:00\",\"dateModified\":\"2015-09-21T17:06:11+00:00\",\"author\":{\"@id\":\"https:\/\/convenciovalencianista.org\/#\/schema\/person\/3d7a64756b09838fd0606c5b59565e45\"},\"breadcrumb\":{\"@id\":\"https:\/\/convenciovalencianista.org\/?p=180#breadcrumb\"},\"inLanguage\":\"es\",\"potentialAction\":[{\"@type\":\"ReadAction\",\"target\":[\"https:\/\/convenciovalencianista.org\/?p=180\"]}]},{\"@type\":\"BreadcrumbList\",\"@id\":\"https:\/\/convenciovalencianista.org\/?p=180#breadcrumb\",\"itemListElement\":[{\"@type\":\"ListItem\",\"position\":1,\"name\":\"Portada\",\"item\":\"https:\/\/convenciovalencianista.org\/\"},{\"@type\":\"ListItem\",\"position\":2,\"name\":\"Comunicat Concentraci\u00f3 del 19 de Setembre\"}]},{\"@type\":\"WebSite\",\"@id\":\"https:\/\/convenciovalencianista.org\/#website\",\"url\":\"https:\/\/convenciovalencianista.org\/\",\"name\":\"Convenci\u00f3 Valencianista\",\"description\":\"\",\"potentialAction\":[{\"@type\":\"SearchAction\",\"target\":{\"@type\":\"EntryPoint\",\"urlTemplate\":\"https:\/\/convenciovalencianista.org\/?s={search_term_string}\"},\"query-input\":\"required name=search_term_string\"}],\"inLanguage\":\"es\"},{\"@type\":\"Person\",\"@id\":\"https:\/\/convenciovalencianista.org\/#\/schema\/person\/3d7a64756b09838fd0606c5b59565e45\",\"name\":\"Jose\",\"image\":{\"@type\":\"ImageObject\",\"inLanguage\":\"es\",\"@id\":\"https:\/\/convenciovalencianista.org\/#\/schema\/person\/image\/\",\"url\":\"https:\/\/secure.gravatar.com\/avatar\/3701f93771974c93c006ff6804885014?s=96&d=mm&r=g\",\"contentUrl\":\"https:\/\/secure.gravatar.com\/avatar\/3701f93771974c93c006ff6804885014?s=96&d=mm&r=g\",\"caption\":\"Jose\"},\"url\":\"https:\/\/convenciovalencianista.org\/?author=2\"}]}<\/script>\n<!-- \/ Yoast SEO plugin. -->","yoast_head_json":{"title":"Comunicat Concentraci\u00f3 del 19 de Setembre - Convenci\u00f3 Valencianista","robots":{"index":"index","follow":"follow","max-snippet":"max-snippet:-1","max-image-preview":"max-image-preview:large","max-video-preview":"max-video-preview:-1"},"canonical":"https:\/\/convenciovalencianista.org\/?p=180","og_locale":"es_ES","og_type":"article","og_title":"Comunicat Concentraci\u00f3 del 19 de Setembre - Convenci\u00f3 Valencianista","og_description":"Convenci\u00f3 Valencianista vol fer p\u00fablica la seua decisi\u00f3 de no participar en la concentraci\u00f3 que diverses associacions d&#8217;\u00e0mbit cultural i social valenci\u00e0 han convocat per al pr\u00f3xim 19 de setembre . Les raons per les quals no participar\u00e0 son: Encara que rebugem les declaracions de membres del Consell adu\u00efdes en la convocat\u00f2ria, considerem que, sent [&hellip;]","og_url":"https:\/\/convenciovalencianista.org\/?p=180","og_site_name":"Convenci\u00f3 Valencianista","article_published_time":"2015-09-18T15:24:47+00:00","article_modified_time":"2015-09-21T17:06:11+00:00","author":"Jose","twitter_card":"summary_large_image","twitter_misc":{"Escrito por":"Jose","Tiempo de lectura":"1 minuto"},"schema":{"@context":"https:\/\/schema.org","@graph":[{"@type":"WebPage","@id":"https:\/\/convenciovalencianista.org\/?p=180","url":"https:\/\/convenciovalencianista.org\/?p=180","name":"Comunicat Concentraci\u00f3 del 19 de Setembre - Convenci\u00f3 Valencianista","isPartOf":{"@id":"https:\/\/convenciovalencianista.org\/#website"},"datePublished":"2015-09-18T15:24:47+00:00","dateModified":"2015-09-21T17:06:11+00:00","author":{"@id":"https:\/\/convenciovalencianista.org\/#\/schema\/person\/3d7a64756b09838fd0606c5b59565e45"},"breadcrumb":{"@id":"https:\/\/convenciovalencianista.org\/?p=180#breadcrumb"},"inLanguage":"es","potentialAction":[{"@type":"ReadAction","target":["https:\/\/convenciovalencianista.org\/?p=180"]}]},{"@type":"BreadcrumbList","@id":"https:\/\/convenciovalencianista.org\/?p=180#breadcrumb","itemListElement":[{"@type":"ListItem","position":1,"name":"Portada","item":"https:\/\/convenciovalencianista.org\/"},{"@type":"ListItem","position":2,"name":"Comunicat Concentraci\u00f3 del 19 de Setembre"}]},{"@type":"WebSite","@id":"https:\/\/convenciovalencianista.org\/#website","url":"https:\/\/convenciovalencianista.org\/","name":"Convenci\u00f3 Valencianista","description":"","potentialAction":[{"@type":"SearchAction","target":{"@type":"EntryPoint","urlTemplate":"https:\/\/convenciovalencianista.org\/?s={search_term_string}"},"query-input":"required name=search_term_string"}],"inLanguage":"es"},{"@type":"Person","@id":"https:\/\/convenciovalencianista.org\/#\/schema\/person\/3d7a64756b09838fd0606c5b59565e45","name":"Jose","image":{"@type":"ImageObject","inLanguage":"es","@id":"https:\/\/convenciovalencianista.org\/#\/schema\/person\/image\/","url":"https:\/\/secure.gravatar.com\/avatar\/3701f93771974c93c006ff6804885014?s=96&d=mm&r=g","contentUrl":"https:\/\/secure.gravatar.com\/avatar\/3701f93771974c93c006ff6804885014?s=96&d=mm&r=g","caption":"Jose"},"url":"https:\/\/convenciovalencianista.org\/?author=2"}]}},"_links":{"self":[{"href":"https:\/\/convenciovalencianista.org\/index.php?rest_route=\/wp\/v2\/posts\/180"}],"collection":[{"href":"https:\/\/convenciovalencianista.org\/index.php?rest_route=\/wp\/v2\/posts"}],"about":[{"href":"https:\/\/convenciovalencianista.org\/index.php?rest_route=\/wp\/v2\/types\/post"}],"author":[{"embeddable":true,"href":"https:\/\/convenciovalencianista.org\/index.php?rest_route=\/wp\/v2\/users\/2"}],"replies":[{"embeddable":true,"href":"https:\/\/convenciovalencianista.org\/index.php?rest_route=%2Fwp%2Fv2%2Fcomments&post=180"}],"version-history":[{"count":4,"href":"https:\/\/convenciovalencianista.org\/index.php?rest_route=\/wp\/v2\/posts\/180\/revisions"}],"predecessor-version":[{"id":188,"href":"https:\/\/convenciovalencianista.org\/index.php?rest_route=\/wp\/v2\/posts\/180\/revisions\/188"}],"wp:attachment":[{"href":"https:\/\/convenciovalencianista.org\/index.php?rest_route=%2Fwp%2Fv2%2Fmedia&parent=180"}],"wp:term":[{"taxonomy":"category","embeddable":true,"href":"https:\/\/convenciovalencianista.org\/index.php?rest_route=%2Fwp%2Fv2%2Fcategories&post=180"},{"taxonomy":"post_tag","embeddable":true,"href":"https:\/\/convenciovalencianista.org\/index.php?rest_route=%2Fwp%2Fv2%2Ftags&post=180"}],"curies":[{"name":"wp","href":"https:\/\/api.w.org\/{rel}","templated":true}]}}