{"id":203,"date":"2015-10-05T13:31:05","date_gmt":"2015-10-05T11:31:05","guid":{"rendered":"http:\/\/www.convenciovalencianista.org\/?p=203"},"modified":"2015-10-05T13:37:04","modified_gmt":"2015-10-05T11:37:04","slug":"la-festa-del-9-doctubre-en-el-llibre-del-ceremonial","status":"publish","type":"post","link":"https:\/\/convenciovalencianista.org\/?p=203","title":{"rendered":"La Festa del 9 d\u2019Octubre en el Llibre del Ceremonial"},"content":{"rendered":"<p>La celebracio pels valencians, el dia de Sant Donis, de l\u2019entrada de Jaume I en la capital del regne musulma de Valencia, conta en una llarga tradicio. Comen\u00e7\u00e0 a celebrar-se d\u2019una manera solemne per al primer centenari de la gesta, i ana repetint-se successivament, primer en els centenaris, despuix en diferents freq\u00fcencies, fins que a finals del s. XIX, en la visita al recent inaugurat monument al Conquistador en el Cap i Casal, es faria anual.<\/p>\n<p>L\u2019importancia d\u2019esta data, que signific\u00e0 l\u2019incorporacio al cristianisme i al mon occidental fon fonamental, i aixina la festa del 9 d\u2019Octubre comen\u00e7\u00e0 a organisar-se seguint tot un protocol que implicava, especialment, al govern de la Ciutat, a\u00e7o es al Consell Municipal, i conjuntament tambe a diferents institucions civils, religioses i, com no, militars.<\/p>\n<p>Des del moment en que la Senyera Real es convertix en l\u2019emblema protagoniste que presidix la festa -no debades representava al mateix rei- tot un ritual marcar\u00e0<img loading=\"lazy\" decoding=\"async\" class=\"size-medium wp-image-208 alignright\" src=\"http:\/\/www.convenciovalencianista.org\/wp-content\/uploads\/2015\/10\/Llibre-del-ceremonial-233x300.jpg\" alt=\"Llibre del ceremonial\" width=\"233\" height=\"300\" srcset=\"https:\/\/convenciovalencianista.org\/wp-content\/uploads\/2015\/10\/Llibre-del-ceremonial-233x300.jpg 233w, https:\/\/convenciovalencianista.org\/wp-content\/uploads\/2015\/10\/Llibre-del-ceremonial.jpg 350w\" sizes=\"(max-width: 233px) 100vw, 233px\" \/> l\u2019organisacio i el desenroll de la celebracio. Un protocol este que es troba recopilat, junt a uns atres, en el <em>Llibre del Ceremonial<\/em>.<\/p>\n<p>Este llibre arreplega el conjunt d\u2019actuacions, de reglamentacio \u2013obligacions, assistencies i funcions- dels Jurats, Racional, Sindics, oficials i funcionaris representants de la Ciutat, aixina com de normes protocolaries. Es tracta d\u2019un codex manuscrit que en 1696 havia acabat de redactar, i ten\u00eda preparat per a la seua impressio, Felix Cebrian Aracil, personage que ocup\u00e0 distints carrecs en l\u2019administracio de la Ciutat: Jurat en diferents ocasions, Racional (1695), Prohom del Quitament (1696), Sindic de la Cambra (1702), Administrador de Sises -imposts- (1705)\u2026, i que prengue partit pel bandol borbonic en la Guerra de Successio, lo que feu quedara separat del carrec que ocupava per orde expressa de l\u2019Archiduc i, encara que la contenda es resolgue a favor dels borbonics, mai va ser restituit en cap carrec foral degut a la mateixa abolicio dels Furs decretada per Felip V.<\/p>\n<p>El mateix autor, en referir-se a la seua obra indica que no es tracta d\u2019un epitom o recopilacio, sino d\u2019un verdader espill en el qual les autoritats han de mirar-se i a on trobaran l\u2019idea mes perfecta per a governar en prudencia. En realitat constituix tot un corpus que arreplega i fixa c\u00f3m es celebren diferents actes, festivitats, i com es resolien distintes situacions de caracter solemne o de representacio estamental.<\/p>\n<p>Este llibre, dedicat a la Ciutat -Cap del Regne- es conserva en l\u2019Archiu Historic Municipal de Valencia ciutat i constituix una joya per ell mateix, pero especialment per l\u2019informacio que reporta en relacio a l\u2019estatuts que havia de sarlvaguardar-se per als carrecs municipals quan actuaven com a tals i en representacio de la ciutat Cap i Casal. De fet esta denominacio -que denota l\u2019importacia de la capitalitat en relacio a l\u2019estat- apareix referenciada de manera destacada. Alguns historiadors en estudiar el text no dubten en calificar-lo com un manual per al bon govern.<\/p>\n<p>La gran festa valenciana de la commemoracio de la Conquista cristiana no solament queda registrada en el <em>Ceremonial<\/em>, mes encara s\u2019ilustra arreplegant la configuracio i el protocol que havia d\u2019observar-se en relacio a l\u2019exposicio de la Senyera i la processo civica que s\u2019organisava. Set pagines -les foliades en els numeros 162 a 168- dedica a l\u2019explicacio, en text i dibuixos, de la referida distribucio d\u2019oficials, carrecs, milicia\u2026 que acompanyen a la Senyera des de la Casa de la Ciutat a la Seu. Queda reflectit tot el protocol que s\u2019ha de seguir des del moment en que la Senyera es enarbolada en el balco -a les set de mati- per l\u2019Archiver Racional, els actes dins la propia casa (missa, veneracio de la reliquia de Sant Jordi), l\u2019organisacio de la desfilada precedida per la Real Senyera que es devalla mentres la Companyia del Centenar de la Ploma realisa la corresponent salva, la descripcio de l\u2019itinerari, l\u2019entrada a la Seu, la disposcio que alli ha d\u2019ocupar -al costat de l\u2019Evangeli, junt a la reliquia de Sant Jordi- i el lloc que han d\u2019ocupar autoritats i carrecs, parroquies\u2026, aixina com el recorregut que es fara per a tornar l\u2019Ensenya dels valencians.<\/p>\n<p style=\"text-align: right;\">Juli Moreno i Moreno<\/p>\n<p style=\"text-align: right;\">Historiador<\/p>\n<p style=\"text-align: left;\">Publicat en el dossier de Convencio Valencianista el 9 d&#8217;octubre de 2013<\/p>\n","protected":false},"excerpt":{"rendered":"<p>La celebracio pels valencians, el dia de Sant Donis, de l\u2019entrada de Jaume I en la capital del regne musulma de Valencia, conta en una llarga tradicio. Comen\u00e7\u00e0 a celebrar-se d\u2019una manera solemne per al primer centenari de la gesta, i ana repetint-se successivament, primer en els centenaris, despuix en diferents freq\u00fcencies, fins que a [&hellip;]<\/p>\n","protected":false},"author":2,"featured_media":0,"comment_status":"closed","ping_status":"closed","sticky":false,"template":"","format":"standard","meta":{"footnotes":""},"categories":[7],"tags":[],"yoast_head":"<!-- This site is optimized with the Yoast SEO plugin v21.5 - https:\/\/yoast.com\/wordpress\/plugins\/seo\/ -->\n<title>La Festa del 9 d\u2019Octubre en el Llibre del Ceremonial - Convenci\u00f3 Valencianista<\/title>\n<meta name=\"robots\" content=\"index, follow, max-snippet:-1, max-image-preview:large, max-video-preview:-1\" \/>\n<link rel=\"canonical\" href=\"https:\/\/convenciovalencianista.org\/?p=203\" \/>\n<meta property=\"og:locale\" content=\"es_ES\" \/>\n<meta property=\"og:type\" content=\"article\" \/>\n<meta property=\"og:title\" content=\"La Festa del 9 d\u2019Octubre en el Llibre del Ceremonial - Convenci\u00f3 Valencianista\" \/>\n<meta property=\"og:description\" content=\"La celebracio pels valencians, el dia de Sant Donis, de l\u2019entrada de Jaume I en la capital del regne musulma de Valencia, conta en una llarga tradicio. Comen\u00e7\u00e0 a celebrar-se d\u2019una manera solemne per al primer centenari de la gesta, i ana repetint-se successivament, primer en els centenaris, despuix en diferents freq\u00fcencies, fins que a [&hellip;]\" \/>\n<meta property=\"og:url\" content=\"https:\/\/convenciovalencianista.org\/?p=203\" \/>\n<meta property=\"og:site_name\" content=\"Convenci\u00f3 Valencianista\" \/>\n<meta property=\"article:published_time\" content=\"2015-10-05T11:31:05+00:00\" \/>\n<meta property=\"article:modified_time\" content=\"2015-10-05T11:37:04+00:00\" \/>\n<meta property=\"og:image\" content=\"http:\/\/www.convenciovalencianista.org\/wp-content\/uploads\/2015\/10\/Llibre-del-ceremonial-233x300.jpg\" \/>\n<meta name=\"author\" content=\"Jose\" \/>\n<meta name=\"twitter:card\" content=\"summary_large_image\" \/>\n<meta name=\"twitter:label1\" content=\"Escrito por\" \/>\n\t<meta name=\"twitter:data1\" content=\"Jose\" \/>\n\t<meta name=\"twitter:label2\" content=\"Tiempo de lectura\" \/>\n\t<meta name=\"twitter:data2\" content=\"4 minutos\" \/>\n<script type=\"application\/ld+json\" class=\"yoast-schema-graph\">{\"@context\":\"https:\/\/schema.org\",\"@graph\":[{\"@type\":\"WebPage\",\"@id\":\"https:\/\/convenciovalencianista.org\/?p=203\",\"url\":\"https:\/\/convenciovalencianista.org\/?p=203\",\"name\":\"La Festa del 9 d\u2019Octubre en el Llibre del Ceremonial - Convenci\u00f3 Valencianista\",\"isPartOf\":{\"@id\":\"https:\/\/convenciovalencianista.org\/#website\"},\"datePublished\":\"2015-10-05T11:31:05+00:00\",\"dateModified\":\"2015-10-05T11:37:04+00:00\",\"author\":{\"@id\":\"https:\/\/convenciovalencianista.org\/#\/schema\/person\/3d7a64756b09838fd0606c5b59565e45\"},\"breadcrumb\":{\"@id\":\"https:\/\/convenciovalencianista.org\/?p=203#breadcrumb\"},\"inLanguage\":\"es\",\"potentialAction\":[{\"@type\":\"ReadAction\",\"target\":[\"https:\/\/convenciovalencianista.org\/?p=203\"]}]},{\"@type\":\"BreadcrumbList\",\"@id\":\"https:\/\/convenciovalencianista.org\/?p=203#breadcrumb\",\"itemListElement\":[{\"@type\":\"ListItem\",\"position\":1,\"name\":\"Portada\",\"item\":\"https:\/\/convenciovalencianista.org\/\"},{\"@type\":\"ListItem\",\"position\":2,\"name\":\"La Festa del 9 d\u2019Octubre en el Llibre del Ceremonial\"}]},{\"@type\":\"WebSite\",\"@id\":\"https:\/\/convenciovalencianista.org\/#website\",\"url\":\"https:\/\/convenciovalencianista.org\/\",\"name\":\"Convenci\u00f3 Valencianista\",\"description\":\"\",\"potentialAction\":[{\"@type\":\"SearchAction\",\"target\":{\"@type\":\"EntryPoint\",\"urlTemplate\":\"https:\/\/convenciovalencianista.org\/?s={search_term_string}\"},\"query-input\":\"required name=search_term_string\"}],\"inLanguage\":\"es\"},{\"@type\":\"Person\",\"@id\":\"https:\/\/convenciovalencianista.org\/#\/schema\/person\/3d7a64756b09838fd0606c5b59565e45\",\"name\":\"Jose\",\"image\":{\"@type\":\"ImageObject\",\"inLanguage\":\"es\",\"@id\":\"https:\/\/convenciovalencianista.org\/#\/schema\/person\/image\/\",\"url\":\"https:\/\/secure.gravatar.com\/avatar\/3701f93771974c93c006ff6804885014?s=96&d=mm&r=g\",\"contentUrl\":\"https:\/\/secure.gravatar.com\/avatar\/3701f93771974c93c006ff6804885014?s=96&d=mm&r=g\",\"caption\":\"Jose\"},\"url\":\"https:\/\/convenciovalencianista.org\/?author=2\"}]}<\/script>\n<!-- \/ Yoast SEO plugin. -->","yoast_head_json":{"title":"La Festa del 9 d\u2019Octubre en el Llibre del Ceremonial - Convenci\u00f3 Valencianista","robots":{"index":"index","follow":"follow","max-snippet":"max-snippet:-1","max-image-preview":"max-image-preview:large","max-video-preview":"max-video-preview:-1"},"canonical":"https:\/\/convenciovalencianista.org\/?p=203","og_locale":"es_ES","og_type":"article","og_title":"La Festa del 9 d\u2019Octubre en el Llibre del Ceremonial - Convenci\u00f3 Valencianista","og_description":"La celebracio pels valencians, el dia de Sant Donis, de l\u2019entrada de Jaume I en la capital del regne musulma de Valencia, conta en una llarga tradicio. Comen\u00e7\u00e0 a celebrar-se d\u2019una manera solemne per al primer centenari de la gesta, i ana repetint-se successivament, primer en els centenaris, despuix en diferents freq\u00fcencies, fins que a [&hellip;]","og_url":"https:\/\/convenciovalencianista.org\/?p=203","og_site_name":"Convenci\u00f3 Valencianista","article_published_time":"2015-10-05T11:31:05+00:00","article_modified_time":"2015-10-05T11:37:04+00:00","og_image":[{"url":"http:\/\/www.convenciovalencianista.org\/wp-content\/uploads\/2015\/10\/Llibre-del-ceremonial-233x300.jpg"}],"author":"Jose","twitter_card":"summary_large_image","twitter_misc":{"Escrito por":"Jose","Tiempo de lectura":"4 minutos"},"schema":{"@context":"https:\/\/schema.org","@graph":[{"@type":"WebPage","@id":"https:\/\/convenciovalencianista.org\/?p=203","url":"https:\/\/convenciovalencianista.org\/?p=203","name":"La Festa del 9 d\u2019Octubre en el Llibre del Ceremonial - Convenci\u00f3 Valencianista","isPartOf":{"@id":"https:\/\/convenciovalencianista.org\/#website"},"datePublished":"2015-10-05T11:31:05+00:00","dateModified":"2015-10-05T11:37:04+00:00","author":{"@id":"https:\/\/convenciovalencianista.org\/#\/schema\/person\/3d7a64756b09838fd0606c5b59565e45"},"breadcrumb":{"@id":"https:\/\/convenciovalencianista.org\/?p=203#breadcrumb"},"inLanguage":"es","potentialAction":[{"@type":"ReadAction","target":["https:\/\/convenciovalencianista.org\/?p=203"]}]},{"@type":"BreadcrumbList","@id":"https:\/\/convenciovalencianista.org\/?p=203#breadcrumb","itemListElement":[{"@type":"ListItem","position":1,"name":"Portada","item":"https:\/\/convenciovalencianista.org\/"},{"@type":"ListItem","position":2,"name":"La Festa del 9 d\u2019Octubre en el Llibre del Ceremonial"}]},{"@type":"WebSite","@id":"https:\/\/convenciovalencianista.org\/#website","url":"https:\/\/convenciovalencianista.org\/","name":"Convenci\u00f3 Valencianista","description":"","potentialAction":[{"@type":"SearchAction","target":{"@type":"EntryPoint","urlTemplate":"https:\/\/convenciovalencianista.org\/?s={search_term_string}"},"query-input":"required name=search_term_string"}],"inLanguage":"es"},{"@type":"Person","@id":"https:\/\/convenciovalencianista.org\/#\/schema\/person\/3d7a64756b09838fd0606c5b59565e45","name":"Jose","image":{"@type":"ImageObject","inLanguage":"es","@id":"https:\/\/convenciovalencianista.org\/#\/schema\/person\/image\/","url":"https:\/\/secure.gravatar.com\/avatar\/3701f93771974c93c006ff6804885014?s=96&d=mm&r=g","contentUrl":"https:\/\/secure.gravatar.com\/avatar\/3701f93771974c93c006ff6804885014?s=96&d=mm&r=g","caption":"Jose"},"url":"https:\/\/convenciovalencianista.org\/?author=2"}]}},"_links":{"self":[{"href":"https:\/\/convenciovalencianista.org\/index.php?rest_route=\/wp\/v2\/posts\/203"}],"collection":[{"href":"https:\/\/convenciovalencianista.org\/index.php?rest_route=\/wp\/v2\/posts"}],"about":[{"href":"https:\/\/convenciovalencianista.org\/index.php?rest_route=\/wp\/v2\/types\/post"}],"author":[{"embeddable":true,"href":"https:\/\/convenciovalencianista.org\/index.php?rest_route=\/wp\/v2\/users\/2"}],"replies":[{"embeddable":true,"href":"https:\/\/convenciovalencianista.org\/index.php?rest_route=%2Fwp%2Fv2%2Fcomments&post=203"}],"version-history":[{"count":4,"href":"https:\/\/convenciovalencianista.org\/index.php?rest_route=\/wp\/v2\/posts\/203\/revisions"}],"predecessor-version":[{"id":209,"href":"https:\/\/convenciovalencianista.org\/index.php?rest_route=\/wp\/v2\/posts\/203\/revisions\/209"}],"wp:attachment":[{"href":"https:\/\/convenciovalencianista.org\/index.php?rest_route=%2Fwp%2Fv2%2Fmedia&parent=203"}],"wp:term":[{"taxonomy":"category","embeddable":true,"href":"https:\/\/convenciovalencianista.org\/index.php?rest_route=%2Fwp%2Fv2%2Fcategories&post=203"},{"taxonomy":"post_tag","embeddable":true,"href":"https:\/\/convenciovalencianista.org\/index.php?rest_route=%2Fwp%2Fv2%2Ftags&post=203"}],"curies":[{"name":"wp","href":"https:\/\/api.w.org\/{rel}","templated":true}]}}