{"id":366,"date":"2016-05-09T17:41:29","date_gmt":"2016-05-09T15:41:29","guid":{"rendered":"http:\/\/www.convenciovalencianista.org\/?p=366"},"modified":"2016-05-09T17:42:07","modified_gmt":"2016-05-09T15:42:07","slug":"366","status":"publish","type":"post","link":"https:\/\/convenciovalencianista.org\/?p=366","title":{"rendered":"1\u00aa Intempestiva"},"content":{"rendered":"<p>Fa uns anys comenci a escriure unes intespestives per a plasmar molts dels dubtes que, com a nacionaliste valenci\u00e0, rodaven pel meu cap en dies de nostalgia. No son simples pensaments anecdotics, puix, en ocasions, han servit de base per a moltes discusions en cercles culturals valencianistes i, cregau-me, no sempre les contestacions han segut tan senzilles ni tant clares com mes d&#8217;u pensar\u00e0 quan les lligca.<\/p>\n<p>Hui, vullc fer-vos particips d&#8217;elles, no per a generar polemica ni conflicte, nomes per a que tots busquem ad eixe nacionaliste, ad eixe enamorat de la terreta que portem dins. Qui sap, igual pensant contrariament a com sempre ho haviem fet conseguim despertar ad eixe meninfot que tots dugam dins. Vos convide a reflexionar:<\/p>\n<p>&nbsp;<\/p>\n<ul>\n<li><strong>Primera Intempestiva:<\/strong><\/li>\n<\/ul>\n<p>Una gran diferencia entre Val\u00e9ncia i Espanya \u00e9s que Val\u00e9ncia ha tengut dos Papes i Espanya cap. Aix\u00f2 els espanyols no poden soportar-ho en el seu despreci multisecular a Val\u00e9ncia. Lo que fan \u00e9s obviar eixe fet en les seues Hist\u00f2ries d\u2019Espanya, quan podrien aprofitar-ho per a engrandir el nom d\u2019Espanya sense que els <a href=\"http:\/\/www.convenciovalencianista.org\/wp-content\/uploads\/2016\/05\/Son-nostres.jpg\"><img loading=\"lazy\" decoding=\"async\" class=\"size-medium wp-image-367 alignright\" src=\"http:\/\/www.convenciovalencianista.org\/wp-content\/uploads\/2016\/05\/Son-nostres-300x222.jpg\" alt=\"Son nostres\" width=\"300\" height=\"222\" srcset=\"https:\/\/convenciovalencianista.org\/wp-content\/uploads\/2016\/05\/Son-nostres-300x222.jpg 300w, https:\/\/convenciovalencianista.org\/wp-content\/uploads\/2016\/05\/Son-nostres-768x568.jpg 768w, https:\/\/convenciovalencianista.org\/wp-content\/uploads\/2016\/05\/Son-nostres-1024x758.jpg 1024w, https:\/\/convenciovalencianista.org\/wp-content\/uploads\/2016\/05\/Son-nostres.jpg 1615w\" sizes=\"(max-width: 300px) 100vw, 300px\" \/><\/a>valencians nos enuj\u00e0rem. No obstant, haurien de citar a dos papes valencians en eixes hist\u00f2ries, i contextualisar-los en un estat propi per al Regne de Val\u00e9ncia en una personalitat cultural i lling\u00fc\u00edstica diferent respecte als atres pobles peninsulars. Actualment incl\u00fas molts accepten la seua llegenda negra com a certa o recolzen una suposta catalanitat dels dos papes, acceptant una suposta catalanitat de Val\u00e9ncia. Tot excepte dir que han habut dos papes valencians.<\/p>\n<p style=\"text-align: right;\">Joan Carles\u00a0Mic\u00f3<br \/>\nProfesor de l\u2019Universitat Polit\u00e8cnica de Val\u00e9ncia.<br \/>\nPresident del Colectiu Llu\u00eds Fullana de Professors<br \/>\nd\u2019Universitat i Doctors Valencianistes.<\/p>\n<p style=\"text-align: right;\">\n","protected":false},"excerpt":{"rendered":"<p>Fa uns anys comenci a escriure unes intespestives per a plasmar molts dels dubtes que, com a nacionaliste valenci\u00e0, rodaven pel meu cap en dies de nostalgia. No son simples pensaments anecdotics, puix, en ocasions, han servit de base per a moltes discusions en cercles culturals valencianistes i, cregau-me, no sempre les contestacions han segut [&hellip;]<\/p>\n","protected":false},"author":2,"featured_media":0,"comment_status":"closed","ping_status":"closed","sticky":false,"template":"","format":"standard","meta":{"footnotes":""},"categories":[10],"tags":[],"yoast_head":"<!-- This site is optimized with the Yoast SEO plugin v21.5 - https:\/\/yoast.com\/wordpress\/plugins\/seo\/ -->\n<title>1\u00aa Intempestiva - Convenci\u00f3 Valencianista<\/title>\n<meta name=\"robots\" content=\"index, follow, max-snippet:-1, max-image-preview:large, max-video-preview:-1\" \/>\n<link rel=\"canonical\" href=\"https:\/\/convenciovalencianista.org\/?p=366\" \/>\n<meta property=\"og:locale\" content=\"es_ES\" \/>\n<meta property=\"og:type\" content=\"article\" \/>\n<meta property=\"og:title\" content=\"1\u00aa Intempestiva - Convenci\u00f3 Valencianista\" \/>\n<meta property=\"og:description\" content=\"Fa uns anys comenci a escriure unes intespestives per a plasmar molts dels dubtes que, com a nacionaliste valenci\u00e0, rodaven pel meu cap en dies de nostalgia. No son simples pensaments anecdotics, puix, en ocasions, han servit de base per a moltes discusions en cercles culturals valencianistes i, cregau-me, no sempre les contestacions han segut [&hellip;]\" \/>\n<meta property=\"og:url\" content=\"https:\/\/convenciovalencianista.org\/?p=366\" \/>\n<meta property=\"og:site_name\" content=\"Convenci\u00f3 Valencianista\" \/>\n<meta property=\"article:published_time\" content=\"2016-05-09T15:41:29+00:00\" \/>\n<meta property=\"article:modified_time\" content=\"2016-05-09T15:42:07+00:00\" \/>\n<meta property=\"og:image\" content=\"http:\/\/www.convenciovalencianista.org\/wp-content\/uploads\/2016\/05\/Son-nostres-300x222.jpg\" \/>\n<meta name=\"author\" content=\"Jose\" \/>\n<meta name=\"twitter:card\" content=\"summary_large_image\" \/>\n<meta name=\"twitter:label1\" content=\"Escrito por\" \/>\n\t<meta name=\"twitter:data1\" content=\"Jose\" \/>\n\t<meta name=\"twitter:label2\" content=\"Tiempo de lectura\" \/>\n\t<meta name=\"twitter:data2\" content=\"1 minuto\" \/>\n<script type=\"application\/ld+json\" class=\"yoast-schema-graph\">{\"@context\":\"https:\/\/schema.org\",\"@graph\":[{\"@type\":\"WebPage\",\"@id\":\"https:\/\/convenciovalencianista.org\/?p=366\",\"url\":\"https:\/\/convenciovalencianista.org\/?p=366\",\"name\":\"1\u00aa Intempestiva - Convenci\u00f3 Valencianista\",\"isPartOf\":{\"@id\":\"https:\/\/convenciovalencianista.org\/#website\"},\"datePublished\":\"2016-05-09T15:41:29+00:00\",\"dateModified\":\"2016-05-09T15:42:07+00:00\",\"author\":{\"@id\":\"https:\/\/convenciovalencianista.org\/#\/schema\/person\/3d7a64756b09838fd0606c5b59565e45\"},\"breadcrumb\":{\"@id\":\"https:\/\/convenciovalencianista.org\/?p=366#breadcrumb\"},\"inLanguage\":\"es\",\"potentialAction\":[{\"@type\":\"ReadAction\",\"target\":[\"https:\/\/convenciovalencianista.org\/?p=366\"]}]},{\"@type\":\"BreadcrumbList\",\"@id\":\"https:\/\/convenciovalencianista.org\/?p=366#breadcrumb\",\"itemListElement\":[{\"@type\":\"ListItem\",\"position\":1,\"name\":\"Portada\",\"item\":\"https:\/\/convenciovalencianista.org\/\"},{\"@type\":\"ListItem\",\"position\":2,\"name\":\"1\u00aa Intempestiva\"}]},{\"@type\":\"WebSite\",\"@id\":\"https:\/\/convenciovalencianista.org\/#website\",\"url\":\"https:\/\/convenciovalencianista.org\/\",\"name\":\"Convenci\u00f3 Valencianista\",\"description\":\"\",\"potentialAction\":[{\"@type\":\"SearchAction\",\"target\":{\"@type\":\"EntryPoint\",\"urlTemplate\":\"https:\/\/convenciovalencianista.org\/?s={search_term_string}\"},\"query-input\":\"required name=search_term_string\"}],\"inLanguage\":\"es\"},{\"@type\":\"Person\",\"@id\":\"https:\/\/convenciovalencianista.org\/#\/schema\/person\/3d7a64756b09838fd0606c5b59565e45\",\"name\":\"Jose\",\"image\":{\"@type\":\"ImageObject\",\"inLanguage\":\"es\",\"@id\":\"https:\/\/convenciovalencianista.org\/#\/schema\/person\/image\/\",\"url\":\"https:\/\/secure.gravatar.com\/avatar\/3701f93771974c93c006ff6804885014?s=96&d=mm&r=g\",\"contentUrl\":\"https:\/\/secure.gravatar.com\/avatar\/3701f93771974c93c006ff6804885014?s=96&d=mm&r=g\",\"caption\":\"Jose\"},\"url\":\"https:\/\/convenciovalencianista.org\/?author=2\"}]}<\/script>\n<!-- \/ Yoast SEO plugin. -->","yoast_head_json":{"title":"1\u00aa Intempestiva - Convenci\u00f3 Valencianista","robots":{"index":"index","follow":"follow","max-snippet":"max-snippet:-1","max-image-preview":"max-image-preview:large","max-video-preview":"max-video-preview:-1"},"canonical":"https:\/\/convenciovalencianista.org\/?p=366","og_locale":"es_ES","og_type":"article","og_title":"1\u00aa Intempestiva - Convenci\u00f3 Valencianista","og_description":"Fa uns anys comenci a escriure unes intespestives per a plasmar molts dels dubtes que, com a nacionaliste valenci\u00e0, rodaven pel meu cap en dies de nostalgia. No son simples pensaments anecdotics, puix, en ocasions, han servit de base per a moltes discusions en cercles culturals valencianistes i, cregau-me, no sempre les contestacions han segut [&hellip;]","og_url":"https:\/\/convenciovalencianista.org\/?p=366","og_site_name":"Convenci\u00f3 Valencianista","article_published_time":"2016-05-09T15:41:29+00:00","article_modified_time":"2016-05-09T15:42:07+00:00","og_image":[{"url":"http:\/\/www.convenciovalencianista.org\/wp-content\/uploads\/2016\/05\/Son-nostres-300x222.jpg"}],"author":"Jose","twitter_card":"summary_large_image","twitter_misc":{"Escrito por":"Jose","Tiempo de lectura":"1 minuto"},"schema":{"@context":"https:\/\/schema.org","@graph":[{"@type":"WebPage","@id":"https:\/\/convenciovalencianista.org\/?p=366","url":"https:\/\/convenciovalencianista.org\/?p=366","name":"1\u00aa Intempestiva - Convenci\u00f3 Valencianista","isPartOf":{"@id":"https:\/\/convenciovalencianista.org\/#website"},"datePublished":"2016-05-09T15:41:29+00:00","dateModified":"2016-05-09T15:42:07+00:00","author":{"@id":"https:\/\/convenciovalencianista.org\/#\/schema\/person\/3d7a64756b09838fd0606c5b59565e45"},"breadcrumb":{"@id":"https:\/\/convenciovalencianista.org\/?p=366#breadcrumb"},"inLanguage":"es","potentialAction":[{"@type":"ReadAction","target":["https:\/\/convenciovalencianista.org\/?p=366"]}]},{"@type":"BreadcrumbList","@id":"https:\/\/convenciovalencianista.org\/?p=366#breadcrumb","itemListElement":[{"@type":"ListItem","position":1,"name":"Portada","item":"https:\/\/convenciovalencianista.org\/"},{"@type":"ListItem","position":2,"name":"1\u00aa Intempestiva"}]},{"@type":"WebSite","@id":"https:\/\/convenciovalencianista.org\/#website","url":"https:\/\/convenciovalencianista.org\/","name":"Convenci\u00f3 Valencianista","description":"","potentialAction":[{"@type":"SearchAction","target":{"@type":"EntryPoint","urlTemplate":"https:\/\/convenciovalencianista.org\/?s={search_term_string}"},"query-input":"required name=search_term_string"}],"inLanguage":"es"},{"@type":"Person","@id":"https:\/\/convenciovalencianista.org\/#\/schema\/person\/3d7a64756b09838fd0606c5b59565e45","name":"Jose","image":{"@type":"ImageObject","inLanguage":"es","@id":"https:\/\/convenciovalencianista.org\/#\/schema\/person\/image\/","url":"https:\/\/secure.gravatar.com\/avatar\/3701f93771974c93c006ff6804885014?s=96&d=mm&r=g","contentUrl":"https:\/\/secure.gravatar.com\/avatar\/3701f93771974c93c006ff6804885014?s=96&d=mm&r=g","caption":"Jose"},"url":"https:\/\/convenciovalencianista.org\/?author=2"}]}},"_links":{"self":[{"href":"https:\/\/convenciovalencianista.org\/index.php?rest_route=\/wp\/v2\/posts\/366"}],"collection":[{"href":"https:\/\/convenciovalencianista.org\/index.php?rest_route=\/wp\/v2\/posts"}],"about":[{"href":"https:\/\/convenciovalencianista.org\/index.php?rest_route=\/wp\/v2\/types\/post"}],"author":[{"embeddable":true,"href":"https:\/\/convenciovalencianista.org\/index.php?rest_route=\/wp\/v2\/users\/2"}],"replies":[{"embeddable":true,"href":"https:\/\/convenciovalencianista.org\/index.php?rest_route=%2Fwp%2Fv2%2Fcomments&post=366"}],"version-history":[{"count":2,"href":"https:\/\/convenciovalencianista.org\/index.php?rest_route=\/wp\/v2\/posts\/366\/revisions"}],"predecessor-version":[{"id":369,"href":"https:\/\/convenciovalencianista.org\/index.php?rest_route=\/wp\/v2\/posts\/366\/revisions\/369"}],"wp:attachment":[{"href":"https:\/\/convenciovalencianista.org\/index.php?rest_route=%2Fwp%2Fv2%2Fmedia&parent=366"}],"wp:term":[{"taxonomy":"category","embeddable":true,"href":"https:\/\/convenciovalencianista.org\/index.php?rest_route=%2Fwp%2Fv2%2Fcategories&post=366"},{"taxonomy":"post_tag","embeddable":true,"href":"https:\/\/convenciovalencianista.org\/index.php?rest_route=%2Fwp%2Fv2%2Ftags&post=366"}],"curies":[{"name":"wp","href":"https:\/\/api.w.org\/{rel}","templated":true}]}}