{"id":371,"date":"2016-05-18T21:54:33","date_gmt":"2016-05-18T19:54:33","guid":{"rendered":"http:\/\/www.convenciovalencianista.org\/?p=371"},"modified":"2016-05-18T21:56:27","modified_gmt":"2016-05-18T19:56:27","slug":"2a-intempestiva","status":"publish","type":"post","link":"https:\/\/convenciovalencianista.org\/?p=371","title":{"rendered":"2\u00aa Intempestiva"},"content":{"rendered":"<p>No mai entendr\u00e9 lo del top\u00f2nim \u201cLevante\u201d. \u00c9s una forma directa de degradaci\u00f3 de lo valenci\u00e0. Realment el nostre territori \u00e9s l\u2019\u00fanic que no seguix la Constituci\u00f3 Espanyola, la qual, en uns dels seus art\u00edculs diu que \u201ccada comunitat aut\u00f2noma haur\u00e0 de tindre el nom<a href=\"http:\/\/www.convenciovalencianista.org\/wp-content\/uploads\/2016\/05\/2on-intempestiva2.jpg\"><img loading=\"lazy\" decoding=\"async\" class=\"size-medium wp-image-372 alignright\" src=\"http:\/\/www.convenciovalencianista.org\/wp-content\/uploads\/2016\/05\/2on-intempestiva2-300x300.jpg\" alt=\"2on intempestiva2\" width=\"300\" height=\"300\" srcset=\"https:\/\/convenciovalencianista.org\/wp-content\/uploads\/2016\/05\/2on-intempestiva2-300x300.jpg 300w, https:\/\/convenciovalencianista.org\/wp-content\/uploads\/2016\/05\/2on-intempestiva2-150x150.jpg 150w, https:\/\/convenciovalencianista.org\/wp-content\/uploads\/2016\/05\/2on-intempestiva2-768x768.jpg 768w, https:\/\/convenciovalencianista.org\/wp-content\/uploads\/2016\/05\/2on-intempestiva2-60x60.jpg 60w, https:\/\/convenciovalencianista.org\/wp-content\/uploads\/2016\/05\/2on-intempestiva2.jpg 781w\" sizes=\"(max-width: 300px) 100vw, 300px\" \/><\/a> que correspon a la seua identitat hist\u00f2rica\u201d. Nosatros adem\u00e9s en tenim dos, o si se preferix, dos versions d\u2019una: Val\u00e9ncia i Regne de Val\u00e9ncia. En \u00e9poca foral, quan se parlava de Val\u00e9ncia se fea menci\u00f3 a tot el territori. U estava en Val\u00e9ncia quan se trobava en Castell\u00f3, Alacant, Elig, la Vall d\u2019Ux\u00f3, Alcoy o Alberich. I la capital era \u201cla ciutat de Val\u00e9ncia\u201d o \u201cCap i Casal\u201d. La veritat \u00e9s que \u201cComunitat Valenciana\u201d, igual que \u201cLevante\u201d, \u201cPa\u00eds Valenci\u00e0\u201d o la refer\u00e8ncia a \u201calicantinos, castellonenses y valencianos\u201d s\u00f3n maneres calculades i programades de despersonalisaci\u00f3 del pancastellanisme o del pancatalanisme. \u00c9s una mostra de que l\u2019orde constitucional \u00e9s aigua mullada per als valencians, i una ra\u00f3 fonamental per la que yo ya no vullc ser espanyol i demane l\u2019independ\u00e8ncia per a Val\u00e9ncia.<\/p>\n<p style=\"text-align: right;\">Joan Carles\u00a0Mic\u00f3<br \/>\nProfesor de l\u2019Universitat Polit\u00e8cnica de Val\u00e9ncia.<br \/>\nPresident del Colectiu Llu\u00eds Fullana de Professors<br \/>\nd\u2019Universitat i Doctors Valencianistes.<\/p>\n","protected":false},"excerpt":{"rendered":"<p>No mai entendr\u00e9 lo del top\u00f2nim \u201cLevante\u201d. \u00c9s una forma directa de degradaci\u00f3 de lo valenci\u00e0. Realment el nostre territori \u00e9s l\u2019\u00fanic que no seguix la Constituci\u00f3 Espanyola, la qual, en uns dels seus art\u00edculs diu que \u201ccada comunitat aut\u00f2noma haur\u00e0 de tindre el nom que correspon a la seua identitat hist\u00f2rica\u201d. Nosatros adem\u00e9s en [&hellip;]<\/p>\n","protected":false},"author":2,"featured_media":0,"comment_status":"closed","ping_status":"closed","sticky":false,"template":"","format":"standard","meta":{"footnotes":""},"categories":[10],"tags":[],"yoast_head":"<!-- This site is optimized with the Yoast SEO plugin v21.5 - https:\/\/yoast.com\/wordpress\/plugins\/seo\/ -->\n<title>2\u00aa Intempestiva - Convenci\u00f3 Valencianista<\/title>\n<meta name=\"robots\" content=\"index, follow, max-snippet:-1, max-image-preview:large, max-video-preview:-1\" \/>\n<link rel=\"canonical\" href=\"https:\/\/convenciovalencianista.org\/?p=371\" \/>\n<meta property=\"og:locale\" content=\"es_ES\" \/>\n<meta property=\"og:type\" content=\"article\" \/>\n<meta property=\"og:title\" content=\"2\u00aa Intempestiva - Convenci\u00f3 Valencianista\" \/>\n<meta property=\"og:description\" content=\"No mai entendr\u00e9 lo del top\u00f2nim \u201cLevante\u201d. \u00c9s una forma directa de degradaci\u00f3 de lo valenci\u00e0. Realment el nostre territori \u00e9s l\u2019\u00fanic que no seguix la Constituci\u00f3 Espanyola, la qual, en uns dels seus art\u00edculs diu que \u201ccada comunitat aut\u00f2noma haur\u00e0 de tindre el nom que correspon a la seua identitat hist\u00f2rica\u201d. Nosatros adem\u00e9s en [&hellip;]\" \/>\n<meta property=\"og:url\" content=\"https:\/\/convenciovalencianista.org\/?p=371\" \/>\n<meta property=\"og:site_name\" content=\"Convenci\u00f3 Valencianista\" \/>\n<meta property=\"article:published_time\" content=\"2016-05-18T19:54:33+00:00\" \/>\n<meta property=\"article:modified_time\" content=\"2016-05-18T19:56:27+00:00\" \/>\n<meta property=\"og:image\" content=\"http:\/\/www.convenciovalencianista.org\/wp-content\/uploads\/2016\/05\/2on-intempestiva2-300x300.jpg\" \/>\n<meta name=\"author\" content=\"Jose\" \/>\n<meta name=\"twitter:card\" content=\"summary_large_image\" \/>\n<meta name=\"twitter:label1\" content=\"Escrito por\" \/>\n\t<meta name=\"twitter:data1\" content=\"Jose\" \/>\n\t<meta name=\"twitter:label2\" content=\"Tiempo de lectura\" \/>\n\t<meta name=\"twitter:data2\" content=\"1 minuto\" \/>\n<script type=\"application\/ld+json\" class=\"yoast-schema-graph\">{\"@context\":\"https:\/\/schema.org\",\"@graph\":[{\"@type\":\"WebPage\",\"@id\":\"https:\/\/convenciovalencianista.org\/?p=371\",\"url\":\"https:\/\/convenciovalencianista.org\/?p=371\",\"name\":\"2\u00aa Intempestiva - Convenci\u00f3 Valencianista\",\"isPartOf\":{\"@id\":\"https:\/\/convenciovalencianista.org\/#website\"},\"datePublished\":\"2016-05-18T19:54:33+00:00\",\"dateModified\":\"2016-05-18T19:56:27+00:00\",\"author\":{\"@id\":\"https:\/\/convenciovalencianista.org\/#\/schema\/person\/3d7a64756b09838fd0606c5b59565e45\"},\"breadcrumb\":{\"@id\":\"https:\/\/convenciovalencianista.org\/?p=371#breadcrumb\"},\"inLanguage\":\"es\",\"potentialAction\":[{\"@type\":\"ReadAction\",\"target\":[\"https:\/\/convenciovalencianista.org\/?p=371\"]}]},{\"@type\":\"BreadcrumbList\",\"@id\":\"https:\/\/convenciovalencianista.org\/?p=371#breadcrumb\",\"itemListElement\":[{\"@type\":\"ListItem\",\"position\":1,\"name\":\"Portada\",\"item\":\"https:\/\/convenciovalencianista.org\/\"},{\"@type\":\"ListItem\",\"position\":2,\"name\":\"2\u00aa Intempestiva\"}]},{\"@type\":\"WebSite\",\"@id\":\"https:\/\/convenciovalencianista.org\/#website\",\"url\":\"https:\/\/convenciovalencianista.org\/\",\"name\":\"Convenci\u00f3 Valencianista\",\"description\":\"\",\"potentialAction\":[{\"@type\":\"SearchAction\",\"target\":{\"@type\":\"EntryPoint\",\"urlTemplate\":\"https:\/\/convenciovalencianista.org\/?s={search_term_string}\"},\"query-input\":\"required name=search_term_string\"}],\"inLanguage\":\"es\"},{\"@type\":\"Person\",\"@id\":\"https:\/\/convenciovalencianista.org\/#\/schema\/person\/3d7a64756b09838fd0606c5b59565e45\",\"name\":\"Jose\",\"image\":{\"@type\":\"ImageObject\",\"inLanguage\":\"es\",\"@id\":\"https:\/\/convenciovalencianista.org\/#\/schema\/person\/image\/\",\"url\":\"https:\/\/secure.gravatar.com\/avatar\/3701f93771974c93c006ff6804885014?s=96&d=mm&r=g\",\"contentUrl\":\"https:\/\/secure.gravatar.com\/avatar\/3701f93771974c93c006ff6804885014?s=96&d=mm&r=g\",\"caption\":\"Jose\"},\"url\":\"https:\/\/convenciovalencianista.org\/?author=2\"}]}<\/script>\n<!-- \/ Yoast SEO plugin. -->","yoast_head_json":{"title":"2\u00aa Intempestiva - Convenci\u00f3 Valencianista","robots":{"index":"index","follow":"follow","max-snippet":"max-snippet:-1","max-image-preview":"max-image-preview:large","max-video-preview":"max-video-preview:-1"},"canonical":"https:\/\/convenciovalencianista.org\/?p=371","og_locale":"es_ES","og_type":"article","og_title":"2\u00aa Intempestiva - Convenci\u00f3 Valencianista","og_description":"No mai entendr\u00e9 lo del top\u00f2nim \u201cLevante\u201d. \u00c9s una forma directa de degradaci\u00f3 de lo valenci\u00e0. Realment el nostre territori \u00e9s l\u2019\u00fanic que no seguix la Constituci\u00f3 Espanyola, la qual, en uns dels seus art\u00edculs diu que \u201ccada comunitat aut\u00f2noma haur\u00e0 de tindre el nom que correspon a la seua identitat hist\u00f2rica\u201d. Nosatros adem\u00e9s en [&hellip;]","og_url":"https:\/\/convenciovalencianista.org\/?p=371","og_site_name":"Convenci\u00f3 Valencianista","article_published_time":"2016-05-18T19:54:33+00:00","article_modified_time":"2016-05-18T19:56:27+00:00","og_image":[{"url":"http:\/\/www.convenciovalencianista.org\/wp-content\/uploads\/2016\/05\/2on-intempestiva2-300x300.jpg"}],"author":"Jose","twitter_card":"summary_large_image","twitter_misc":{"Escrito por":"Jose","Tiempo de lectura":"1 minuto"},"schema":{"@context":"https:\/\/schema.org","@graph":[{"@type":"WebPage","@id":"https:\/\/convenciovalencianista.org\/?p=371","url":"https:\/\/convenciovalencianista.org\/?p=371","name":"2\u00aa Intempestiva - Convenci\u00f3 Valencianista","isPartOf":{"@id":"https:\/\/convenciovalencianista.org\/#website"},"datePublished":"2016-05-18T19:54:33+00:00","dateModified":"2016-05-18T19:56:27+00:00","author":{"@id":"https:\/\/convenciovalencianista.org\/#\/schema\/person\/3d7a64756b09838fd0606c5b59565e45"},"breadcrumb":{"@id":"https:\/\/convenciovalencianista.org\/?p=371#breadcrumb"},"inLanguage":"es","potentialAction":[{"@type":"ReadAction","target":["https:\/\/convenciovalencianista.org\/?p=371"]}]},{"@type":"BreadcrumbList","@id":"https:\/\/convenciovalencianista.org\/?p=371#breadcrumb","itemListElement":[{"@type":"ListItem","position":1,"name":"Portada","item":"https:\/\/convenciovalencianista.org\/"},{"@type":"ListItem","position":2,"name":"2\u00aa Intempestiva"}]},{"@type":"WebSite","@id":"https:\/\/convenciovalencianista.org\/#website","url":"https:\/\/convenciovalencianista.org\/","name":"Convenci\u00f3 Valencianista","description":"","potentialAction":[{"@type":"SearchAction","target":{"@type":"EntryPoint","urlTemplate":"https:\/\/convenciovalencianista.org\/?s={search_term_string}"},"query-input":"required name=search_term_string"}],"inLanguage":"es"},{"@type":"Person","@id":"https:\/\/convenciovalencianista.org\/#\/schema\/person\/3d7a64756b09838fd0606c5b59565e45","name":"Jose","image":{"@type":"ImageObject","inLanguage":"es","@id":"https:\/\/convenciovalencianista.org\/#\/schema\/person\/image\/","url":"https:\/\/secure.gravatar.com\/avatar\/3701f93771974c93c006ff6804885014?s=96&d=mm&r=g","contentUrl":"https:\/\/secure.gravatar.com\/avatar\/3701f93771974c93c006ff6804885014?s=96&d=mm&r=g","caption":"Jose"},"url":"https:\/\/convenciovalencianista.org\/?author=2"}]}},"_links":{"self":[{"href":"https:\/\/convenciovalencianista.org\/index.php?rest_route=\/wp\/v2\/posts\/371"}],"collection":[{"href":"https:\/\/convenciovalencianista.org\/index.php?rest_route=\/wp\/v2\/posts"}],"about":[{"href":"https:\/\/convenciovalencianista.org\/index.php?rest_route=\/wp\/v2\/types\/post"}],"author":[{"embeddable":true,"href":"https:\/\/convenciovalencianista.org\/index.php?rest_route=\/wp\/v2\/users\/2"}],"replies":[{"embeddable":true,"href":"https:\/\/convenciovalencianista.org\/index.php?rest_route=%2Fwp%2Fv2%2Fcomments&post=371"}],"version-history":[{"count":3,"href":"https:\/\/convenciovalencianista.org\/index.php?rest_route=\/wp\/v2\/posts\/371\/revisions"}],"predecessor-version":[{"id":375,"href":"https:\/\/convenciovalencianista.org\/index.php?rest_route=\/wp\/v2\/posts\/371\/revisions\/375"}],"wp:attachment":[{"href":"https:\/\/convenciovalencianista.org\/index.php?rest_route=%2Fwp%2Fv2%2Fmedia&parent=371"}],"wp:term":[{"taxonomy":"category","embeddable":true,"href":"https:\/\/convenciovalencianista.org\/index.php?rest_route=%2Fwp%2Fv2%2Fcategories&post=371"},{"taxonomy":"post_tag","embeddable":true,"href":"https:\/\/convenciovalencianista.org\/index.php?rest_route=%2Fwp%2Fv2%2Ftags&post=371"}],"curies":[{"name":"wp","href":"https:\/\/api.w.org\/{rel}","templated":true}]}}