{"id":555,"date":"2017-10-05T20:57:13","date_gmt":"2017-10-05T18:57:13","guid":{"rendered":"http:\/\/www.convenciovalencianista.org\/?p=555"},"modified":"2017-10-05T20:57:13","modified_gmt":"2017-10-05T18:57:13","slug":"comunicat-de-convencio-valencianista-davant-la-situacio-catalana","status":"publish","type":"post","link":"https:\/\/convenciovalencianista.org\/?p=555","title":{"rendered":"Comunicat de Convenci\u00f3 Valencianista davant la situaci\u00f3 catalana"},"content":{"rendered":"<p>&nbsp;<\/p>\n<p>Davant els recents acontenyiments ocorreguts en Catalunya, Convenci\u00f3 Valencianista fa el seg\u00fcent comunicat:<\/p>\n<ol>\n<li>Rebugem l&#8217;us de la viol\u00e8ncia com a mig per a resoldre les disputes ideol\u00f2giques o pol\u00edtiques. Considerem que el dia 1-O fon una jornada trista i que mai es deuria haver arribat a situacions com les que es vixqueren.<\/li>\n<li>Entenem que Espanya \u00e9s un estat multinacional conformat per pobles en identitat pr\u00f2pia, com es el cas del poble valenci\u00e0.<\/li>\n<li>L&#8217;actual estat auton\u00f2mic espanyol est\u00e0 agotat perque no resol els problemes identitaris i sociecon\u00f2mics d&#8217;estos territoris. La visi\u00f3 uniformisadora i centralista que se vol impondre perjudica la conviv\u00e8ncia i crea agravis que, llunt de corregir-se, se perpetuen i aumenten en el temps.<\/li>\n<li>En el cas valenci\u00e0, a\u00e7\u00f2 \u00e9s cert des del principi, puix el nostre Estatut ni tan sols s\u2019adequa al mandat constitucional que reclama el nom que millor corresponga per hist\u00f2ria als territoris. Actualment, entre uns atres fets denunciables, se nos nega el dret a recuperar el propi dret civil i se nos mant\u00e9 arbitr\u00e0riament en una situaci\u00f3 d\u2019infrafinan\u00e7aci\u00f3 llamentable. Tamb\u00e9 la concepci\u00f3 actual de l\u2019Estat permet que nos vejam somesos a unes pressions intolerables rebudes precisament des d\u2019una Catalunya en la que molts volen per ad ells la llibertat que neguen als dem\u00e9s.<\/li>\n<li>Estimem com un valor inalienable el dret a la llibertat, no nom\u00e9s dels individus, sino tambe dels colectius humans. Pensem, en conseq\u00fc\u00e8ncia, que la soluci\u00f3 passa per canviar la Constituci\u00f3 espanyola per a convertir a Espanya en un Estat confederal en el que els estats membres que l\u2019integren tinguen clarament definits drets, obligacions i competencies, i entre els drets, el de poder eixercir el d\u2019autodeterminaci\u00f3 per mig d\u2019un refer\u00e8ndum dels habitants del territori particular que ho demane.<\/li>\n<li>Pensem que esta seria la millor soluci\u00f3 al problema plantejat per Catalunya, que amena\u00e7a en derivar cap a un escenari preocupant. Perque, adem\u00e9s, no admetem una soluci\u00f3 particular per al catalans que signifique una nova marginaci\u00f3 dels atres territoris i pobles, en particular, del valenci\u00e0. Necessitem una soluci\u00f3 global, equitativa i justa, que un Estat confederal proporcionaria.<\/li>\n<\/ol>\n<p style=\"text-align: right;\">En la ciutat de Val\u00e9ncia, a 5 d\u2019octubre de 2017<\/p>\n","protected":false},"excerpt":{"rendered":"<p>&nbsp; Davant els recents acontenyiments ocorreguts en Catalunya, Convenci\u00f3 Valencianista fa el seg\u00fcent comunicat: Rebugem l&#8217;us de la viol\u00e8ncia com a mig per a resoldre les disputes ideol\u00f2giques o pol\u00edtiques. Considerem que el dia 1-O fon una jornada trista i que mai es deuria haver arribat a situacions com les que es vixqueren. Entenem que [&hellip;]<\/p>\n","protected":false},"author":2,"featured_media":0,"comment_status":"closed","ping_status":"closed","sticky":false,"template":"","format":"standard","meta":{"footnotes":""},"categories":[5],"tags":[],"yoast_head":"<!-- This site is optimized with the Yoast SEO plugin v21.5 - https:\/\/yoast.com\/wordpress\/plugins\/seo\/ -->\n<title>Comunicat de Convenci\u00f3 Valencianista davant la situaci\u00f3 catalana - Convenci\u00f3 Valencianista<\/title>\n<meta name=\"robots\" content=\"index, follow, max-snippet:-1, max-image-preview:large, max-video-preview:-1\" \/>\n<link rel=\"canonical\" href=\"https:\/\/convenciovalencianista.org\/?p=555\" \/>\n<meta property=\"og:locale\" content=\"es_ES\" \/>\n<meta property=\"og:type\" content=\"article\" \/>\n<meta property=\"og:title\" content=\"Comunicat de Convenci\u00f3 Valencianista davant la situaci\u00f3 catalana - Convenci\u00f3 Valencianista\" \/>\n<meta property=\"og:description\" content=\"&nbsp; Davant els recents acontenyiments ocorreguts en Catalunya, Convenci\u00f3 Valencianista fa el seg\u00fcent comunicat: Rebugem l&#8217;us de la viol\u00e8ncia com a mig per a resoldre les disputes ideol\u00f2giques o pol\u00edtiques. Considerem que el dia 1-O fon una jornada trista i que mai es deuria haver arribat a situacions com les que es vixqueren. Entenem que [&hellip;]\" \/>\n<meta property=\"og:url\" content=\"https:\/\/convenciovalencianista.org\/?p=555\" \/>\n<meta property=\"og:site_name\" content=\"Convenci\u00f3 Valencianista\" \/>\n<meta property=\"article:published_time\" content=\"2017-10-05T18:57:13+00:00\" \/>\n<meta name=\"author\" content=\"Jose\" \/>\n<meta name=\"twitter:card\" content=\"summary_large_image\" \/>\n<meta name=\"twitter:label1\" content=\"Escrito por\" \/>\n\t<meta name=\"twitter:data1\" content=\"Jose\" \/>\n\t<meta name=\"twitter:label2\" content=\"Tiempo de lectura\" \/>\n\t<meta name=\"twitter:data2\" content=\"2 minutos\" \/>\n<script type=\"application\/ld+json\" class=\"yoast-schema-graph\">{\"@context\":\"https:\/\/schema.org\",\"@graph\":[{\"@type\":\"WebPage\",\"@id\":\"https:\/\/convenciovalencianista.org\/?p=555\",\"url\":\"https:\/\/convenciovalencianista.org\/?p=555\",\"name\":\"Comunicat de Convenci\u00f3 Valencianista davant la situaci\u00f3 catalana - Convenci\u00f3 Valencianista\",\"isPartOf\":{\"@id\":\"https:\/\/convenciovalencianista.org\/#website\"},\"datePublished\":\"2017-10-05T18:57:13+00:00\",\"dateModified\":\"2017-10-05T18:57:13+00:00\",\"author\":{\"@id\":\"https:\/\/convenciovalencianista.org\/#\/schema\/person\/3d7a64756b09838fd0606c5b59565e45\"},\"breadcrumb\":{\"@id\":\"https:\/\/convenciovalencianista.org\/?p=555#breadcrumb\"},\"inLanguage\":\"es\",\"potentialAction\":[{\"@type\":\"ReadAction\",\"target\":[\"https:\/\/convenciovalencianista.org\/?p=555\"]}]},{\"@type\":\"BreadcrumbList\",\"@id\":\"https:\/\/convenciovalencianista.org\/?p=555#breadcrumb\",\"itemListElement\":[{\"@type\":\"ListItem\",\"position\":1,\"name\":\"Portada\",\"item\":\"https:\/\/convenciovalencianista.org\/\"},{\"@type\":\"ListItem\",\"position\":2,\"name\":\"Comunicat de Convenci\u00f3 Valencianista davant la situaci\u00f3 catalana\"}]},{\"@type\":\"WebSite\",\"@id\":\"https:\/\/convenciovalencianista.org\/#website\",\"url\":\"https:\/\/convenciovalencianista.org\/\",\"name\":\"Convenci\u00f3 Valencianista\",\"description\":\"\",\"potentialAction\":[{\"@type\":\"SearchAction\",\"target\":{\"@type\":\"EntryPoint\",\"urlTemplate\":\"https:\/\/convenciovalencianista.org\/?s={search_term_string}\"},\"query-input\":\"required name=search_term_string\"}],\"inLanguage\":\"es\"},{\"@type\":\"Person\",\"@id\":\"https:\/\/convenciovalencianista.org\/#\/schema\/person\/3d7a64756b09838fd0606c5b59565e45\",\"name\":\"Jose\",\"image\":{\"@type\":\"ImageObject\",\"inLanguage\":\"es\",\"@id\":\"https:\/\/convenciovalencianista.org\/#\/schema\/person\/image\/\",\"url\":\"https:\/\/secure.gravatar.com\/avatar\/3701f93771974c93c006ff6804885014?s=96&d=mm&r=g\",\"contentUrl\":\"https:\/\/secure.gravatar.com\/avatar\/3701f93771974c93c006ff6804885014?s=96&d=mm&r=g\",\"caption\":\"Jose\"},\"url\":\"https:\/\/convenciovalencianista.org\/?author=2\"}]}<\/script>\n<!-- \/ Yoast SEO plugin. -->","yoast_head_json":{"title":"Comunicat de Convenci\u00f3 Valencianista davant la situaci\u00f3 catalana - Convenci\u00f3 Valencianista","robots":{"index":"index","follow":"follow","max-snippet":"max-snippet:-1","max-image-preview":"max-image-preview:large","max-video-preview":"max-video-preview:-1"},"canonical":"https:\/\/convenciovalencianista.org\/?p=555","og_locale":"es_ES","og_type":"article","og_title":"Comunicat de Convenci\u00f3 Valencianista davant la situaci\u00f3 catalana - Convenci\u00f3 Valencianista","og_description":"&nbsp; Davant els recents acontenyiments ocorreguts en Catalunya, Convenci\u00f3 Valencianista fa el seg\u00fcent comunicat: Rebugem l&#8217;us de la viol\u00e8ncia com a mig per a resoldre les disputes ideol\u00f2giques o pol\u00edtiques. Considerem que el dia 1-O fon una jornada trista i que mai es deuria haver arribat a situacions com les que es vixqueren. Entenem que [&hellip;]","og_url":"https:\/\/convenciovalencianista.org\/?p=555","og_site_name":"Convenci\u00f3 Valencianista","article_published_time":"2017-10-05T18:57:13+00:00","author":"Jose","twitter_card":"summary_large_image","twitter_misc":{"Escrito por":"Jose","Tiempo de lectura":"2 minutos"},"schema":{"@context":"https:\/\/schema.org","@graph":[{"@type":"WebPage","@id":"https:\/\/convenciovalencianista.org\/?p=555","url":"https:\/\/convenciovalencianista.org\/?p=555","name":"Comunicat de Convenci\u00f3 Valencianista davant la situaci\u00f3 catalana - Convenci\u00f3 Valencianista","isPartOf":{"@id":"https:\/\/convenciovalencianista.org\/#website"},"datePublished":"2017-10-05T18:57:13+00:00","dateModified":"2017-10-05T18:57:13+00:00","author":{"@id":"https:\/\/convenciovalencianista.org\/#\/schema\/person\/3d7a64756b09838fd0606c5b59565e45"},"breadcrumb":{"@id":"https:\/\/convenciovalencianista.org\/?p=555#breadcrumb"},"inLanguage":"es","potentialAction":[{"@type":"ReadAction","target":["https:\/\/convenciovalencianista.org\/?p=555"]}]},{"@type":"BreadcrumbList","@id":"https:\/\/convenciovalencianista.org\/?p=555#breadcrumb","itemListElement":[{"@type":"ListItem","position":1,"name":"Portada","item":"https:\/\/convenciovalencianista.org\/"},{"@type":"ListItem","position":2,"name":"Comunicat de Convenci\u00f3 Valencianista davant la situaci\u00f3 catalana"}]},{"@type":"WebSite","@id":"https:\/\/convenciovalencianista.org\/#website","url":"https:\/\/convenciovalencianista.org\/","name":"Convenci\u00f3 Valencianista","description":"","potentialAction":[{"@type":"SearchAction","target":{"@type":"EntryPoint","urlTemplate":"https:\/\/convenciovalencianista.org\/?s={search_term_string}"},"query-input":"required name=search_term_string"}],"inLanguage":"es"},{"@type":"Person","@id":"https:\/\/convenciovalencianista.org\/#\/schema\/person\/3d7a64756b09838fd0606c5b59565e45","name":"Jose","image":{"@type":"ImageObject","inLanguage":"es","@id":"https:\/\/convenciovalencianista.org\/#\/schema\/person\/image\/","url":"https:\/\/secure.gravatar.com\/avatar\/3701f93771974c93c006ff6804885014?s=96&d=mm&r=g","contentUrl":"https:\/\/secure.gravatar.com\/avatar\/3701f93771974c93c006ff6804885014?s=96&d=mm&r=g","caption":"Jose"},"url":"https:\/\/convenciovalencianista.org\/?author=2"}]}},"_links":{"self":[{"href":"https:\/\/convenciovalencianista.org\/index.php?rest_route=\/wp\/v2\/posts\/555"}],"collection":[{"href":"https:\/\/convenciovalencianista.org\/index.php?rest_route=\/wp\/v2\/posts"}],"about":[{"href":"https:\/\/convenciovalencianista.org\/index.php?rest_route=\/wp\/v2\/types\/post"}],"author":[{"embeddable":true,"href":"https:\/\/convenciovalencianista.org\/index.php?rest_route=\/wp\/v2\/users\/2"}],"replies":[{"embeddable":true,"href":"https:\/\/convenciovalencianista.org\/index.php?rest_route=%2Fwp%2Fv2%2Fcomments&post=555"}],"version-history":[{"count":1,"href":"https:\/\/convenciovalencianista.org\/index.php?rest_route=\/wp\/v2\/posts\/555\/revisions"}],"predecessor-version":[{"id":556,"href":"https:\/\/convenciovalencianista.org\/index.php?rest_route=\/wp\/v2\/posts\/555\/revisions\/556"}],"wp:attachment":[{"href":"https:\/\/convenciovalencianista.org\/index.php?rest_route=%2Fwp%2Fv2%2Fmedia&parent=555"}],"wp:term":[{"taxonomy":"category","embeddable":true,"href":"https:\/\/convenciovalencianista.org\/index.php?rest_route=%2Fwp%2Fv2%2Fcategories&post=555"},{"taxonomy":"post_tag","embeddable":true,"href":"https:\/\/convenciovalencianista.org\/index.php?rest_route=%2Fwp%2Fv2%2Ftags&post=555"}],"curies":[{"name":"wp","href":"https:\/\/api.w.org\/{rel}","templated":true}]}}