{"id":561,"date":"2017-10-09T17:13:18","date_gmt":"2017-10-09T15:13:18","guid":{"rendered":"http:\/\/www.convenciovalencianista.org\/?p=561"},"modified":"2017-10-17T20:19:57","modified_gmt":"2017-10-17T18:19:57","slug":"561","status":"publish","type":"post","link":"https:\/\/convenciovalencianista.org\/?p=561","title":{"rendered":"El valencianisme en 1918, la Declaraci\u00f3 Valencianista"},"content":{"rendered":"<p style=\"text-align: right;\">Antoni Atienza i Pe\u00f1arrocha<\/p>\n<p style=\"text-align: left;\">El 1918, el valencianisme va plasmar els seus principis en una Declaraci\u00f3. No obstant, fon incapa\u00e7 de superar les seues contradiccions i enfrontaments interns. Des dels primers anys del segle XX, els valencianistes intentaven crear un partit pol\u00edtic que poguera fer una realitat els seus desijos d\u2019autonomia pol\u00edtica, cooficialitat del valenci\u00e0 i el castell\u00e0 i consolidaci\u00f3 de la cultura aut\u00f2ctona valenciana. Pero estos plantejaments s\u2019afonarien davant del pancatalanisme.<br \/>\nS\u2019ha de recordar que<a href=\"http:\/\/www.convenciovalencianista.org\/wp-content\/uploads\/2017\/10\/Pacte-del-Pardo.jpg\"><img loading=\"lazy\" decoding=\"async\" class=\"size-medium wp-image-562 alignright\" src=\"http:\/\/www.convenciovalencianista.org\/wp-content\/uploads\/2017\/10\/Pacte-del-Pardo-300x191.jpg\" alt=\"\" width=\"300\" height=\"191\" srcset=\"https:\/\/convenciovalencianista.org\/wp-content\/uploads\/2017\/10\/Pacte-del-Pardo-300x191.jpg 300w, https:\/\/convenciovalencianista.org\/wp-content\/uploads\/2017\/10\/Pacte-del-Pardo.jpg 448w\" sizes=\"(max-width: 300px) 100vw, 300px\" \/><\/a> en eixos anys el sistema pol\u00edtic de la Restauraci\u00f3 estava en crisis. La f\u00f2rmula creada per C\u00e1novas i Sagasta en el Pacte del Pardo (1885), pel qual els dos grans partits, conservador i lliberal, s\u2019alternarien en el poder falsejant les eleccions (el caciquisme), no podia seguir funcionant per l\u2019aparici\u00f3 de noves forces pol\u00edtiques. L\u2019impossibilitat d\u2019estes forces (republicanisme i socialisme, a banda d\u2019uns atres partits de centre esquerra, aixina com els regionalistes: Lliga Regionalista de Catalunya i PNV) d\u2019arribar al poder els espentava a la radicalisaci\u00f3.<br \/>\n<a href=\"http:\/\/www.convenciovalencianista.org\/wp-content\/documents\/El%20valencianisme%20de1918%20la%20Declarci%C3%B3%20Valencianista_Antoni%20Atienza.pdf\">Continuar llegint&#8230;<\/a><\/p>\n","protected":false},"excerpt":{"rendered":"<p>Antoni Atienza i Pe\u00f1arrocha El 1918, el valencianisme va plasmar els seus principis en una Declaraci\u00f3. No obstant, fon incapa\u00e7 de superar les seues contradiccions i enfrontaments interns. Des dels primers anys del segle XX, els valencianistes intentaven crear un partit pol\u00edtic que poguera fer una realitat els seus desijos d\u2019autonomia pol\u00edtica, cooficialitat del valenci\u00e0 [&hellip;]<\/p>\n","protected":false},"author":2,"featured_media":0,"comment_status":"closed","ping_status":"closed","sticky":false,"template":"","format":"standard","meta":{"footnotes":""},"categories":[7],"tags":[],"yoast_head":"<!-- This site is optimized with the Yoast SEO plugin v21.5 - https:\/\/yoast.com\/wordpress\/plugins\/seo\/ -->\n<title>El valencianisme en 1918, la Declaraci\u00f3 Valencianista - Convenci\u00f3 Valencianista<\/title>\n<meta name=\"robots\" content=\"index, follow, max-snippet:-1, max-image-preview:large, max-video-preview:-1\" \/>\n<link rel=\"canonical\" href=\"https:\/\/convenciovalencianista.org\/?p=561\" \/>\n<meta property=\"og:locale\" content=\"es_ES\" \/>\n<meta property=\"og:type\" content=\"article\" \/>\n<meta property=\"og:title\" content=\"El valencianisme en 1918, la Declaraci\u00f3 Valencianista - Convenci\u00f3 Valencianista\" \/>\n<meta property=\"og:description\" content=\"Antoni Atienza i Pe\u00f1arrocha El 1918, el valencianisme va plasmar els seus principis en una Declaraci\u00f3. No obstant, fon incapa\u00e7 de superar les seues contradiccions i enfrontaments interns. Des dels primers anys del segle XX, els valencianistes intentaven crear un partit pol\u00edtic que poguera fer una realitat els seus desijos d\u2019autonomia pol\u00edtica, cooficialitat del valenci\u00e0 [&hellip;]\" \/>\n<meta property=\"og:url\" content=\"https:\/\/convenciovalencianista.org\/?p=561\" \/>\n<meta property=\"og:site_name\" content=\"Convenci\u00f3 Valencianista\" \/>\n<meta property=\"article:published_time\" content=\"2017-10-09T15:13:18+00:00\" \/>\n<meta property=\"article:modified_time\" content=\"2017-10-17T18:19:57+00:00\" \/>\n<meta property=\"og:image\" content=\"http:\/\/www.convenciovalencianista.org\/wp-content\/uploads\/2017\/10\/Pacte-del-Pardo-300x191.jpg\" \/>\n<meta name=\"author\" content=\"Jose\" \/>\n<meta name=\"twitter:card\" content=\"summary_large_image\" \/>\n<meta name=\"twitter:label1\" content=\"Escrito por\" \/>\n\t<meta name=\"twitter:data1\" content=\"Jose\" \/>\n\t<meta name=\"twitter:label2\" content=\"Tiempo de lectura\" \/>\n\t<meta name=\"twitter:data2\" content=\"1 minuto\" \/>\n<script type=\"application\/ld+json\" class=\"yoast-schema-graph\">{\"@context\":\"https:\/\/schema.org\",\"@graph\":[{\"@type\":\"WebPage\",\"@id\":\"https:\/\/convenciovalencianista.org\/?p=561\",\"url\":\"https:\/\/convenciovalencianista.org\/?p=561\",\"name\":\"El valencianisme en 1918, la Declaraci\u00f3 Valencianista - Convenci\u00f3 Valencianista\",\"isPartOf\":{\"@id\":\"https:\/\/convenciovalencianista.org\/#website\"},\"datePublished\":\"2017-10-09T15:13:18+00:00\",\"dateModified\":\"2017-10-17T18:19:57+00:00\",\"author\":{\"@id\":\"https:\/\/convenciovalencianista.org\/#\/schema\/person\/3d7a64756b09838fd0606c5b59565e45\"},\"breadcrumb\":{\"@id\":\"https:\/\/convenciovalencianista.org\/?p=561#breadcrumb\"},\"inLanguage\":\"es\",\"potentialAction\":[{\"@type\":\"ReadAction\",\"target\":[\"https:\/\/convenciovalencianista.org\/?p=561\"]}]},{\"@type\":\"BreadcrumbList\",\"@id\":\"https:\/\/convenciovalencianista.org\/?p=561#breadcrumb\",\"itemListElement\":[{\"@type\":\"ListItem\",\"position\":1,\"name\":\"Portada\",\"item\":\"https:\/\/convenciovalencianista.org\/\"},{\"@type\":\"ListItem\",\"position\":2,\"name\":\"El valencianisme en 1918, la Declaraci\u00f3 Valencianista\"}]},{\"@type\":\"WebSite\",\"@id\":\"https:\/\/convenciovalencianista.org\/#website\",\"url\":\"https:\/\/convenciovalencianista.org\/\",\"name\":\"Convenci\u00f3 Valencianista\",\"description\":\"\",\"potentialAction\":[{\"@type\":\"SearchAction\",\"target\":{\"@type\":\"EntryPoint\",\"urlTemplate\":\"https:\/\/convenciovalencianista.org\/?s={search_term_string}\"},\"query-input\":\"required name=search_term_string\"}],\"inLanguage\":\"es\"},{\"@type\":\"Person\",\"@id\":\"https:\/\/convenciovalencianista.org\/#\/schema\/person\/3d7a64756b09838fd0606c5b59565e45\",\"name\":\"Jose\",\"image\":{\"@type\":\"ImageObject\",\"inLanguage\":\"es\",\"@id\":\"https:\/\/convenciovalencianista.org\/#\/schema\/person\/image\/\",\"url\":\"https:\/\/secure.gravatar.com\/avatar\/3701f93771974c93c006ff6804885014?s=96&d=mm&r=g\",\"contentUrl\":\"https:\/\/secure.gravatar.com\/avatar\/3701f93771974c93c006ff6804885014?s=96&d=mm&r=g\",\"caption\":\"Jose\"},\"url\":\"https:\/\/convenciovalencianista.org\/?author=2\"}]}<\/script>\n<!-- \/ Yoast SEO plugin. -->","yoast_head_json":{"title":"El valencianisme en 1918, la Declaraci\u00f3 Valencianista - Convenci\u00f3 Valencianista","robots":{"index":"index","follow":"follow","max-snippet":"max-snippet:-1","max-image-preview":"max-image-preview:large","max-video-preview":"max-video-preview:-1"},"canonical":"https:\/\/convenciovalencianista.org\/?p=561","og_locale":"es_ES","og_type":"article","og_title":"El valencianisme en 1918, la Declaraci\u00f3 Valencianista - Convenci\u00f3 Valencianista","og_description":"Antoni Atienza i Pe\u00f1arrocha El 1918, el valencianisme va plasmar els seus principis en una Declaraci\u00f3. No obstant, fon incapa\u00e7 de superar les seues contradiccions i enfrontaments interns. Des dels primers anys del segle XX, els valencianistes intentaven crear un partit pol\u00edtic que poguera fer una realitat els seus desijos d\u2019autonomia pol\u00edtica, cooficialitat del valenci\u00e0 [&hellip;]","og_url":"https:\/\/convenciovalencianista.org\/?p=561","og_site_name":"Convenci\u00f3 Valencianista","article_published_time":"2017-10-09T15:13:18+00:00","article_modified_time":"2017-10-17T18:19:57+00:00","og_image":[{"url":"http:\/\/www.convenciovalencianista.org\/wp-content\/uploads\/2017\/10\/Pacte-del-Pardo-300x191.jpg"}],"author":"Jose","twitter_card":"summary_large_image","twitter_misc":{"Escrito por":"Jose","Tiempo de lectura":"1 minuto"},"schema":{"@context":"https:\/\/schema.org","@graph":[{"@type":"WebPage","@id":"https:\/\/convenciovalencianista.org\/?p=561","url":"https:\/\/convenciovalencianista.org\/?p=561","name":"El valencianisme en 1918, la Declaraci\u00f3 Valencianista - Convenci\u00f3 Valencianista","isPartOf":{"@id":"https:\/\/convenciovalencianista.org\/#website"},"datePublished":"2017-10-09T15:13:18+00:00","dateModified":"2017-10-17T18:19:57+00:00","author":{"@id":"https:\/\/convenciovalencianista.org\/#\/schema\/person\/3d7a64756b09838fd0606c5b59565e45"},"breadcrumb":{"@id":"https:\/\/convenciovalencianista.org\/?p=561#breadcrumb"},"inLanguage":"es","potentialAction":[{"@type":"ReadAction","target":["https:\/\/convenciovalencianista.org\/?p=561"]}]},{"@type":"BreadcrumbList","@id":"https:\/\/convenciovalencianista.org\/?p=561#breadcrumb","itemListElement":[{"@type":"ListItem","position":1,"name":"Portada","item":"https:\/\/convenciovalencianista.org\/"},{"@type":"ListItem","position":2,"name":"El valencianisme en 1918, la Declaraci\u00f3 Valencianista"}]},{"@type":"WebSite","@id":"https:\/\/convenciovalencianista.org\/#website","url":"https:\/\/convenciovalencianista.org\/","name":"Convenci\u00f3 Valencianista","description":"","potentialAction":[{"@type":"SearchAction","target":{"@type":"EntryPoint","urlTemplate":"https:\/\/convenciovalencianista.org\/?s={search_term_string}"},"query-input":"required name=search_term_string"}],"inLanguage":"es"},{"@type":"Person","@id":"https:\/\/convenciovalencianista.org\/#\/schema\/person\/3d7a64756b09838fd0606c5b59565e45","name":"Jose","image":{"@type":"ImageObject","inLanguage":"es","@id":"https:\/\/convenciovalencianista.org\/#\/schema\/person\/image\/","url":"https:\/\/secure.gravatar.com\/avatar\/3701f93771974c93c006ff6804885014?s=96&d=mm&r=g","contentUrl":"https:\/\/secure.gravatar.com\/avatar\/3701f93771974c93c006ff6804885014?s=96&d=mm&r=g","caption":"Jose"},"url":"https:\/\/convenciovalencianista.org\/?author=2"}]}},"_links":{"self":[{"href":"https:\/\/convenciovalencianista.org\/index.php?rest_route=\/wp\/v2\/posts\/561"}],"collection":[{"href":"https:\/\/convenciovalencianista.org\/index.php?rest_route=\/wp\/v2\/posts"}],"about":[{"href":"https:\/\/convenciovalencianista.org\/index.php?rest_route=\/wp\/v2\/types\/post"}],"author":[{"embeddable":true,"href":"https:\/\/convenciovalencianista.org\/index.php?rest_route=\/wp\/v2\/users\/2"}],"replies":[{"embeddable":true,"href":"https:\/\/convenciovalencianista.org\/index.php?rest_route=%2Fwp%2Fv2%2Fcomments&post=561"}],"version-history":[{"count":4,"href":"https:\/\/convenciovalencianista.org\/index.php?rest_route=\/wp\/v2\/posts\/561\/revisions"}],"predecessor-version":[{"id":567,"href":"https:\/\/convenciovalencianista.org\/index.php?rest_route=\/wp\/v2\/posts\/561\/revisions\/567"}],"wp:attachment":[{"href":"https:\/\/convenciovalencianista.org\/index.php?rest_route=%2Fwp%2Fv2%2Fmedia&parent=561"}],"wp:term":[{"taxonomy":"category","embeddable":true,"href":"https:\/\/convenciovalencianista.org\/index.php?rest_route=%2Fwp%2Fv2%2Fcategories&post=561"},{"taxonomy":"post_tag","embeddable":true,"href":"https:\/\/convenciovalencianista.org\/index.php?rest_route=%2Fwp%2Fv2%2Ftags&post=561"}],"curies":[{"name":"wp","href":"https:\/\/api.w.org\/{rel}","templated":true}]}}