{"id":640,"date":"2019-10-08T16:21:53","date_gmt":"2019-10-08T14:21:53","guid":{"rendered":"http:\/\/www.convenciovalencianista.org\/?p=640"},"modified":"2019-10-08T16:21:53","modified_gmt":"2019-10-08T14:21:53","slug":"de-lestat-de-les-autonomies-a-lestat-confederal","status":"publish","type":"post","link":"https:\/\/convenciovalencianista.org\/?p=640","title":{"rendered":"De l\u2019Estat de les autonomies a l\u2019Estat confederal"},"content":{"rendered":"<p style=\"text-align: left;\">Quan en la Transici\u00f3 s\u2019acuny\u00e0 el terme estat de les autonomies i en la Constituci\u00f3 es parl\u00e0 de nacionalitats i regions, configurant dos camins per a que les distintes parts de l\u2019Estat accediren ad ella segons el grau de consci\u00e8ncia identit\u00e0ria pr\u00f2pia que tingueren \u2013els famosos art\u00edculs 143 i 151\u2013, molts pens\u00e0rem que, per fi, Espanya comen\u00e7ava a recon\u00e9ixer el seu car\u00e0cter plurinacional, trencant en el centralisme uniformiste borb\u00f2nic\/franquiste existent.<br \/>\n\u00c9s cert que este reconeiximent no era equitatiu entre les distintes parts de l\u2019Estat i, evitant un necessari i just criteri verdaderament hist\u00f2ric, donava privilegis inicials, sense haver de demostrar res, a les que denominava, curiosament, hist\u00f2riques: Euskadi, Catalunya i Gal\u00edcia. D\u2019esta forma, comunitats realment hist\u00f2riques com Arag\u00f3, Balears i la pr\u00f2pia Val\u00e9ncia, quedaven f\u00f2ra i haurien de demostrar la seua consci\u00e8ncia pr\u00f2pia per a accedir al m\u00e0xim autogovern, lo que provoc\u00e0, ya llavors, que alguns grups valencians la votaren en contra. En este grup no s\u2019ha incl\u00f2s a Andalusia perque, a pesar de pensar que tamb\u00e9 mereix el reconeiximent de hist\u00f2rica, gr\u00e0cies a que en el govern central estava el PSOE, de la m\u00e0 de Felipe Gonz\u00e1lez i Alfonso Guerra pogu\u00e9 \u201ccolar-se\u201d entre les privilegiades; a canvi, aix\u00f2 si, de que Val\u00e9ncia no ho conseguira, a causa del vergony\u00f3s pacte Abril-Guerra.<br \/>\nM\u00e9s encara, obria la porta a una atra asimetria m\u00e9s al permetre que els estatuts d\u2019Euskadi i Navarra, en base als seus drets forals, inclogueren el denominat concert econ\u00f2mic, pel qual tenen una Facenda pr\u00f2pia que recapta tots els imposts i decidix totes les despeses, aportant un \u201ccupo\u201d a l\u2019Estat, pactat directament en el g<a href=\"http:\/\/www.convenciovalencianista.org\/wp-content\/uploads\/2019\/10\/constituciovalencia.jpg\"><img loading=\"lazy\" decoding=\"async\" class=\"size-medium wp-image-641 alignright\" src=\"http:\/\/www.convenciovalencianista.org\/wp-content\/uploads\/2019\/10\/constituciovalencia-300x222.jpg\" alt=\"\" width=\"300\" height=\"222\" srcset=\"https:\/\/convenciovalencianista.org\/wp-content\/uploads\/2019\/10\/constituciovalencia-300x222.jpg 300w, https:\/\/convenciovalencianista.org\/wp-content\/uploads\/2019\/10\/constituciovalencia-768x569.jpg 768w, https:\/\/convenciovalencianista.org\/wp-content\/uploads\/2019\/10\/constituciovalencia-1024x759.jpg 1024w\" sizes=\"(max-width: 300px) 100vw, 300px\" \/><\/a>overn central, pels servicis que li dona. Ac\u00ed tamb\u00e9 Val\u00e9ncia qued\u00e0 f\u00f2ra de que li reconegueren l\u2019haver tingut Furs propis; com tamb\u00e9 Catalunya, encara que en este cas fon per voluntat pr\u00f2pia del llavors grup majoritari all\u00ed, la CiU de Pujol, que no ho va exigir, com si que ho feu el PNV, en el context de les accions d\u2019ETA.<br \/>\nConforme passaven els anys i les comunitats aut\u00f2nomes anaven assumint transfer\u00e8ncies, les pol\u00edtiques practicades en elles en alguns aspectes com l\u2019educaci\u00f3, la sanitat o les taxes impositives, s\u2019adaptaven a l\u2019idiosincr\u00e0sia i la capacitat econ\u00f2mica de cadascuna, distanciant-se entre si, i la sensaci\u00f3 d\u2019una Espanya formada per parts \u201caut\u00f2nomes\u201d anava calant en la societat. Pero, al mateix temps, en els sectors m\u00e9s nacionalistes espanyols se gestava l\u2019idea de que este proc\u00e9s estava \u201ctrencant\u201d Espanya i, en l\u2019excusa de \u201ctots els espanyols som iguals\u201d, des del govern central comen\u00e7aren a promulgar-se lleis marc que llimitaven la capacitat llegislativa de les autonomies.<br \/>\nI arrib\u00e0 el denominat proc\u00e9s catal\u00e0. Alguns sectors de Catalunya s\u2019havien cregut lo de l\u2019Espanya formada per pobles diferents i, animats des del govern central, en una actitut entre ing\u00e8nua i irresponsable, se feren un estatut a la seua mida que fon aprovat pels parlaments central i catal\u00e0, i en refer\u00e8ndum pels catalans. I s\u2019obrigu\u00e9 la caixa de pandora. El Tribunal Constitucional tomb\u00e0 gran part d\u2019eix estatut i els sectors catalans que l\u2019havien instigat se radicalisaren, convocant illegalment un refer\u00e8ndum d\u2019independ\u00e8ncia, puix la Constituci\u00f3 (art. 92) reserva en exclusivitat al rei la facultat de convocar referendums.<br \/>\nEste proc\u00e9s ha posat de manifest la fal\u00e0cia de l\u2019Espanya plural i la realitat de que per a la Constituci\u00f3 no existix m\u00e9s que un poble, l\u2019espanyol. \u00c9s dir, l\u2019actual sistema no pot recon\u00e9ixer l\u2019exist\u00e8ncia del poble catal\u00e0, ni el gallec, ni l\u2019andal\u00fas&#8230;, ni el valenci\u00e0, perque, de fer-ho, la Carta de Drets Humans de la ONU els reconeixeria el dret d\u2019autodeterminaci\u00f3, que els sectors m\u00e9s espanyolistes, que controlen el poder, no acceptarien mai.<br \/>\nI en Val\u00e9ncia esta configuraci\u00f3 de l\u2019Estat nos est\u00e0 perjudicant especialment. El model de finan\u00e7aci\u00f3 auton\u00f2mica, que<br \/>\nha de ser aprovat per la \u201cComisi\u00f3n de Pol\u00edtica Fiscal y Financiera\u201d, en la que el govern central t\u00e9 la mitat dels vots, porta m\u00e9s de cinc anys caducat i sense data de modificaci\u00f3, mentres arrosseguem una discriminaci\u00f3 econ\u00f2mica que nos impedix millorar com a societat, se nos dilaten infraestructures essencials com el corredor mediterr\u00e0neu o l\u2019acc\u00e9s nort al port de Val\u00e9ncia ciutat, i se nos q\u00fcestionen les existents, com el transvasament TajoSegura.<br \/>\nI lo \u00faltim ha segut l\u2019intent d\u2019incorporaci\u00f3 a l\u2019Estatut d\u2019una versi\u00f3 actualisada del nostre dret civil arreplegat en els Furs, que el Tribunal Constitucional tomb\u00e0, derogant els preceptes continguts en l\u2019\u00faltima reforma i tornant-nos al dret castell\u00e0\/espanyol. La ra\u00f3: en Val\u00e9ncia no est\u00e0 vigent el dret civil propi, com s\u00ed se\u2019l reconeixen a Euskadi, Navarra, Catalunya, Arag\u00f3, Balears i incl\u00fas a Gal\u00edcia. De nou, una atra fal\u00e0cia posada en evid\u00e8ncia: el Decret de Nova Planta aplicat a Valencia mai ha segut derogat, com se nos feu creure en els anys 80, i els valencians continuem sent castellans por \u201cjusto derecho de conquista\u201d.<br \/>\nTots estos fets evidencien la caducitat d\u2019un sistema, l\u2019auton\u00f2mic, que nos discrimina de manera evident, crea clientelismes inacceptables i, mentres sost\u00e9 que \u201ctodos los espa\u00f1oles\u201d som iguals, permet que la finan\u00e7aci\u00f3 per c\u00e0pita dels valencians siga un 30% menor que la dels c\u00e0ntabres. I fa caduca tamb\u00e9 una Constituci\u00f3 que consolida privilegis<br \/>\npersonals i territorials i nega l\u2019exist\u00e8ncia i els drets dels pobles que conformen l\u2019Estat.<br \/>\nAixina les coses, l\u2019\u00fanica eixida ad este trencacaps en que s\u2019ha convertit la pol\u00edtica espanyola \u00e9s la transformaci\u00f3 de l\u2019Estat en un d\u2019estructura confederal, en la qual les sobiranies estiguen en les parts que, lliurement, per voluntat dels seus habitants i pactant entre elles, decidixquen unir-se i delegar part de les seues compet\u00e8ncies al conjunt. Una estructura en la que la sobirania vaja de baix cap a dalt i no a l\u2019inversa. Pero per a conseguir-ho tots els qui creem que els valencians som un poble en cultura, hist\u00f2ria, estructura socioecon\u00f2mica i forma de vida distinta al restant i, per tant, en dret de decidir all\u00f2 que volem ser, hem de treballar en conjunt. Perque els valencians tenim molt que guanyar, econ\u00f2micament i socialment, en esta transformaci\u00f3, que nos faria tornar a ser, com abans de 1707, amos del nostre dest\u00ed.<\/p>\n<p style=\"text-align: right;\">ALBERT MAR\u00cdN I SANCHIS<br \/>\nDr. Ingenier Industrial<\/p>\n","protected":false},"excerpt":{"rendered":"<p>Quan en la Transici\u00f3 s\u2019acuny\u00e0 el terme estat de les autonomies i en la Constituci\u00f3 es parl\u00e0 de nacionalitats i regions, configurant dos camins per a que les distintes parts de l\u2019Estat accediren ad ella segons el grau de consci\u00e8ncia identit\u00e0ria pr\u00f2pia que tingueren \u2013els famosos art\u00edculs 143 i 151\u2013, molts pens\u00e0rem que, per fi, [&hellip;]<\/p>\n","protected":false},"author":2,"featured_media":0,"comment_status":"closed","ping_status":"closed","sticky":false,"template":"","format":"standard","meta":{"footnotes":""},"categories":[7],"tags":[],"yoast_head":"<!-- This site is optimized with the Yoast SEO plugin v21.5 - https:\/\/yoast.com\/wordpress\/plugins\/seo\/ -->\n<title>De l\u2019Estat de les autonomies a l\u2019Estat confederal - Convenci\u00f3 Valencianista<\/title>\n<meta name=\"robots\" content=\"index, follow, max-snippet:-1, max-image-preview:large, max-video-preview:-1\" \/>\n<link rel=\"canonical\" href=\"https:\/\/convenciovalencianista.org\/?p=640\" \/>\n<meta property=\"og:locale\" content=\"es_ES\" \/>\n<meta property=\"og:type\" content=\"article\" \/>\n<meta property=\"og:title\" content=\"De l\u2019Estat de les autonomies a l\u2019Estat confederal - Convenci\u00f3 Valencianista\" \/>\n<meta property=\"og:description\" content=\"Quan en la Transici\u00f3 s\u2019acuny\u00e0 el terme estat de les autonomies i en la Constituci\u00f3 es parl\u00e0 de nacionalitats i regions, configurant dos camins per a que les distintes parts de l\u2019Estat accediren ad ella segons el grau de consci\u00e8ncia identit\u00e0ria pr\u00f2pia que tingueren \u2013els famosos art\u00edculs 143 i 151\u2013, molts pens\u00e0rem que, per fi, [&hellip;]\" \/>\n<meta property=\"og:url\" content=\"https:\/\/convenciovalencianista.org\/?p=640\" \/>\n<meta property=\"og:site_name\" content=\"Convenci\u00f3 Valencianista\" \/>\n<meta property=\"article:published_time\" content=\"2019-10-08T14:21:53+00:00\" \/>\n<meta property=\"og:image\" content=\"http:\/\/www.convenciovalencianista.org\/wp-content\/uploads\/2019\/10\/constituciovalencia-300x222.jpg\" \/>\n<meta name=\"author\" content=\"Jose\" \/>\n<meta name=\"twitter:card\" content=\"summary_large_image\" \/>\n<meta name=\"twitter:label1\" content=\"Escrito por\" \/>\n\t<meta name=\"twitter:data1\" content=\"Jose\" \/>\n\t<meta name=\"twitter:label2\" content=\"Tiempo de lectura\" \/>\n\t<meta name=\"twitter:data2\" content=\"6 minutos\" \/>\n<script type=\"application\/ld+json\" class=\"yoast-schema-graph\">{\"@context\":\"https:\/\/schema.org\",\"@graph\":[{\"@type\":\"WebPage\",\"@id\":\"https:\/\/convenciovalencianista.org\/?p=640\",\"url\":\"https:\/\/convenciovalencianista.org\/?p=640\",\"name\":\"De l\u2019Estat de les autonomies a l\u2019Estat confederal - Convenci\u00f3 Valencianista\",\"isPartOf\":{\"@id\":\"https:\/\/convenciovalencianista.org\/#website\"},\"datePublished\":\"2019-10-08T14:21:53+00:00\",\"dateModified\":\"2019-10-08T14:21:53+00:00\",\"author\":{\"@id\":\"https:\/\/convenciovalencianista.org\/#\/schema\/person\/3d7a64756b09838fd0606c5b59565e45\"},\"breadcrumb\":{\"@id\":\"https:\/\/convenciovalencianista.org\/?p=640#breadcrumb\"},\"inLanguage\":\"es\",\"potentialAction\":[{\"@type\":\"ReadAction\",\"target\":[\"https:\/\/convenciovalencianista.org\/?p=640\"]}]},{\"@type\":\"BreadcrumbList\",\"@id\":\"https:\/\/convenciovalencianista.org\/?p=640#breadcrumb\",\"itemListElement\":[{\"@type\":\"ListItem\",\"position\":1,\"name\":\"Portada\",\"item\":\"https:\/\/convenciovalencianista.org\/\"},{\"@type\":\"ListItem\",\"position\":2,\"name\":\"De l\u2019Estat de les autonomies a l\u2019Estat confederal\"}]},{\"@type\":\"WebSite\",\"@id\":\"https:\/\/convenciovalencianista.org\/#website\",\"url\":\"https:\/\/convenciovalencianista.org\/\",\"name\":\"Convenci\u00f3 Valencianista\",\"description\":\"\",\"potentialAction\":[{\"@type\":\"SearchAction\",\"target\":{\"@type\":\"EntryPoint\",\"urlTemplate\":\"https:\/\/convenciovalencianista.org\/?s={search_term_string}\"},\"query-input\":\"required name=search_term_string\"}],\"inLanguage\":\"es\"},{\"@type\":\"Person\",\"@id\":\"https:\/\/convenciovalencianista.org\/#\/schema\/person\/3d7a64756b09838fd0606c5b59565e45\",\"name\":\"Jose\",\"image\":{\"@type\":\"ImageObject\",\"inLanguage\":\"es\",\"@id\":\"https:\/\/convenciovalencianista.org\/#\/schema\/person\/image\/\",\"url\":\"https:\/\/secure.gravatar.com\/avatar\/3701f93771974c93c006ff6804885014?s=96&d=mm&r=g\",\"contentUrl\":\"https:\/\/secure.gravatar.com\/avatar\/3701f93771974c93c006ff6804885014?s=96&d=mm&r=g\",\"caption\":\"Jose\"},\"url\":\"https:\/\/convenciovalencianista.org\/?author=2\"}]}<\/script>\n<!-- \/ Yoast SEO plugin. -->","yoast_head_json":{"title":"De l\u2019Estat de les autonomies a l\u2019Estat confederal - Convenci\u00f3 Valencianista","robots":{"index":"index","follow":"follow","max-snippet":"max-snippet:-1","max-image-preview":"max-image-preview:large","max-video-preview":"max-video-preview:-1"},"canonical":"https:\/\/convenciovalencianista.org\/?p=640","og_locale":"es_ES","og_type":"article","og_title":"De l\u2019Estat de les autonomies a l\u2019Estat confederal - Convenci\u00f3 Valencianista","og_description":"Quan en la Transici\u00f3 s\u2019acuny\u00e0 el terme estat de les autonomies i en la Constituci\u00f3 es parl\u00e0 de nacionalitats i regions, configurant dos camins per a que les distintes parts de l\u2019Estat accediren ad ella segons el grau de consci\u00e8ncia identit\u00e0ria pr\u00f2pia que tingueren \u2013els famosos art\u00edculs 143 i 151\u2013, molts pens\u00e0rem que, per fi, [&hellip;]","og_url":"https:\/\/convenciovalencianista.org\/?p=640","og_site_name":"Convenci\u00f3 Valencianista","article_published_time":"2019-10-08T14:21:53+00:00","og_image":[{"url":"http:\/\/www.convenciovalencianista.org\/wp-content\/uploads\/2019\/10\/constituciovalencia-300x222.jpg"}],"author":"Jose","twitter_card":"summary_large_image","twitter_misc":{"Escrito por":"Jose","Tiempo de lectura":"6 minutos"},"schema":{"@context":"https:\/\/schema.org","@graph":[{"@type":"WebPage","@id":"https:\/\/convenciovalencianista.org\/?p=640","url":"https:\/\/convenciovalencianista.org\/?p=640","name":"De l\u2019Estat de les autonomies a l\u2019Estat confederal - Convenci\u00f3 Valencianista","isPartOf":{"@id":"https:\/\/convenciovalencianista.org\/#website"},"datePublished":"2019-10-08T14:21:53+00:00","dateModified":"2019-10-08T14:21:53+00:00","author":{"@id":"https:\/\/convenciovalencianista.org\/#\/schema\/person\/3d7a64756b09838fd0606c5b59565e45"},"breadcrumb":{"@id":"https:\/\/convenciovalencianista.org\/?p=640#breadcrumb"},"inLanguage":"es","potentialAction":[{"@type":"ReadAction","target":["https:\/\/convenciovalencianista.org\/?p=640"]}]},{"@type":"BreadcrumbList","@id":"https:\/\/convenciovalencianista.org\/?p=640#breadcrumb","itemListElement":[{"@type":"ListItem","position":1,"name":"Portada","item":"https:\/\/convenciovalencianista.org\/"},{"@type":"ListItem","position":2,"name":"De l\u2019Estat de les autonomies a l\u2019Estat confederal"}]},{"@type":"WebSite","@id":"https:\/\/convenciovalencianista.org\/#website","url":"https:\/\/convenciovalencianista.org\/","name":"Convenci\u00f3 Valencianista","description":"","potentialAction":[{"@type":"SearchAction","target":{"@type":"EntryPoint","urlTemplate":"https:\/\/convenciovalencianista.org\/?s={search_term_string}"},"query-input":"required name=search_term_string"}],"inLanguage":"es"},{"@type":"Person","@id":"https:\/\/convenciovalencianista.org\/#\/schema\/person\/3d7a64756b09838fd0606c5b59565e45","name":"Jose","image":{"@type":"ImageObject","inLanguage":"es","@id":"https:\/\/convenciovalencianista.org\/#\/schema\/person\/image\/","url":"https:\/\/secure.gravatar.com\/avatar\/3701f93771974c93c006ff6804885014?s=96&d=mm&r=g","contentUrl":"https:\/\/secure.gravatar.com\/avatar\/3701f93771974c93c006ff6804885014?s=96&d=mm&r=g","caption":"Jose"},"url":"https:\/\/convenciovalencianista.org\/?author=2"}]}},"_links":{"self":[{"href":"https:\/\/convenciovalencianista.org\/index.php?rest_route=\/wp\/v2\/posts\/640"}],"collection":[{"href":"https:\/\/convenciovalencianista.org\/index.php?rest_route=\/wp\/v2\/posts"}],"about":[{"href":"https:\/\/convenciovalencianista.org\/index.php?rest_route=\/wp\/v2\/types\/post"}],"author":[{"embeddable":true,"href":"https:\/\/convenciovalencianista.org\/index.php?rest_route=\/wp\/v2\/users\/2"}],"replies":[{"embeddable":true,"href":"https:\/\/convenciovalencianista.org\/index.php?rest_route=%2Fwp%2Fv2%2Fcomments&post=640"}],"version-history":[{"count":1,"href":"https:\/\/convenciovalencianista.org\/index.php?rest_route=\/wp\/v2\/posts\/640\/revisions"}],"predecessor-version":[{"id":642,"href":"https:\/\/convenciovalencianista.org\/index.php?rest_route=\/wp\/v2\/posts\/640\/revisions\/642"}],"wp:attachment":[{"href":"https:\/\/convenciovalencianista.org\/index.php?rest_route=%2Fwp%2Fv2%2Fmedia&parent=640"}],"wp:term":[{"taxonomy":"category","embeddable":true,"href":"https:\/\/convenciovalencianista.org\/index.php?rest_route=%2Fwp%2Fv2%2Fcategories&post=640"},{"taxonomy":"post_tag","embeddable":true,"href":"https:\/\/convenciovalencianista.org\/index.php?rest_route=%2Fwp%2Fv2%2Ftags&post=640"}],"curies":[{"name":"wp","href":"https:\/\/api.w.org\/{rel}","templated":true}]}}