{"id":649,"date":"2019-10-17T16:06:45","date_gmt":"2019-10-17T14:06:45","guid":{"rendered":"http:\/\/www.convenciovalencianista.org\/?p=649"},"modified":"2019-10-17T16:16:41","modified_gmt":"2019-10-17T14:16:41","slug":"per-lautonomia-ara-fa-cent-anys","status":"publish","type":"post","link":"https:\/\/convenciovalencianista.org\/?p=649","title":{"rendered":"\u201c\u00a1Per l\u2019Autonomia!\u201d Ara fa cent anys"},"content":{"rendered":"<p>Vullc comen\u00e7ar recordant la famosa sentencia de Nicol\u00e1s Avellaneda: \u201cEls pobles que obliden la seua historia estan condenats a repetir-la\u201d, o be aquella atra de Milan Kundera en el seu llibre Del riure i de l\u2019oblit, que ve a colacio per la situacio tan peculiar de la societat valenciana a la qual li es de facil aplicacio: \u201cEl primer pas per a liquidar a un poble&#8230;, es borrar la seua memoria. Destruir els seus llibres, la seua cultura, la seua historia. En acabant vindra algu que escriur\u00e0 nous llibres, fabricar\u00e0 una nova cultura, inventar\u00e0 una nova historia. Pronte la nacio comen\u00e7ar\u00e0 a oblidar lo que es i lo que fon. El mon al seu entorn encara ho oblidar\u00e0 mes a pressa\u201d. Afegiriem: deixar\u00e1s de ser tu, per a ser un atre, el que hagen decidit que has de ser. No son maximes propies de la ciencia ficcio, mes be son producte de fets constatables, que, per cert, no deixen de repetir-se. Interessos de grups, interessos de governs, interessos de classe&#8230; han motivat que no sols corroborem situacions historiques que eixemplifiquen estes intencions i realitats \u2013algunes de les quals han desembocat desgraciadament en enfrontaments i guerres\u2013 sino que tambe hem de sofrir-les en el present. Per un atre costat molts estudiosos nos recorden a sovint que l\u2019historia es ciclica, o que es repetixen similars fets en el transcurs del temps. Ahi s\u2019emmarcarien les habituals alternances d\u2019epoques d\u2019abundancia i de miseria, governs de dreta i d\u2019esquerra, tendencies democratiques i fascistes, etc. Entre estes situacions que historicament es repetixen tenim un eixemple en Valencia: les canviants (cicliques) circumstancies internacionals i estatals han motivat que, en determinats moments, creixquera el desig de conseguir l\u2019autonomia per part d\u2019una considerable representacio de la societat valenciana. Un d\u2019eixos moments se produi fa ara cent anys. En els dos ultims mesos de 1918 es succe\u00efen tota una serie d\u2019actes, d\u2019acorts, d\u2019elaboracio de documents que foren l\u2019inici de la reivindicacio d\u2019un estatut d\u2019autonomia, euforia que venia precidida per les aspiracions politiques de constituir una Mancomunitat Valenciana, les quals havien quedat frustrades. S\u2019obria un nou temps per al poble valenci\u00e0 i s\u2019evidenciava l\u2019aparicio d\u2019un valencianisme politic, embrionari i minoritari si es vol, pero real, inspirat i recolzat pel catalanisme prosper, reivindicatiu i imperant en Catalunya. En eixe marc es feya publica, el 14 de novembre d\u2019aquell any, la Declaraci\u00f3 Valencianista de l\u2019Uni\u00f3 Valencianista Regional i la Joventut Valencianista. Les bases que l\u2019integren foren desenrollades i fetes publiques en jornades posteriors constituint una ilusionant manifestacio que aspirava a conseguir l\u2019autogovern dels valencians. Casi en paralel es despertava l\u2019interes, en algunes forces politiques i institucions valencianes, com es el cas de l\u2019Ajuntament i la Diputacio de Valencia, per conseguir l\u2019autonomia administrativa, i fins a cert punt tambe politica, per al Regne de Valencia. L\u2019alcalde de l\u2019Ajuntament del Cap i Casal, el blasquiste Fausti Valent\u00edn, el 15 de novembre de 1918 instava en un escrit dirigit als ajuntaments i diputacions valencianes a participar en una assamblea per a tractar el tema de l\u2019autonomia. La Diputacio de Valencia, al front de la qual se trobava Miguel Paredes, tambe havia fet una crida similar dirgida a les institucions homonimes de Castello i Alacant, i responia a la primera autoritat del Cap i Casal reparant en la conveniencia de preparar el tema i fer particips als diferents sectors de la societat valenciana per tal de sondejar-la. En la creacio d\u2019una comissio que s\u2019ocupara del tema es donava pas a l\u2019inici d\u2019eixos treballs. No cal dir que s\u2019havia produit un contagi del proces iniciat en Catalunya, que buscava solucions a les aspiracions politiques d\u2019aquell poble i que anava a ser imitat, no sols pels valencians, tambe per uns atres pobles de l\u2019Estat espanyol. La primera actuacio concreta sobre el tema fon la convocatoria d\u2019una \u201cMagna Asamblea\u201d per part del diputat Azzati, la qual es celebrava en l\u2019Ateneu Mercantil de Valencia el 24 de novembre, presidida pel vicepresident de l\u2019Ateneu, Leopoldo Ram\u00edrez. En l\u2019acte intervingueren destacats membres de distintes formacions politiques i organisacions exponent les respetives postures. D\u2019entre estes intervencions descoll\u00e0 la de F\u00e9lix Azzati, que sorprengue pel gir de 180\u00ba que don\u00e0 en el seu discurs respecte del posicionament que, fins llavors, manifestava sobre l\u2019autonomia el blasquisme del que era el lider. El seu alegat fon rebut en cert escepticisme i no exent de critiques per la seua anterior actitut combativa, recels procedents especialment dels sectors valencianistes alli presents; pero, a la fi, tots antepongueren a Valencia i la consecucio d\u2019una autonomia administrativa o integral (a\u00e7o es, tambe politica) quan mes pronte millor. En tot este context d\u2019efervescencia politica i d\u2019un valencianisme que es feya present, la propia Diputacio provincial de Valencia encaixaria eixes aspiracions i afront\u00e0 una campanya, ya proyectada i dirigida a conseguir l\u2019autonomia per al valencians, creant una comissio que treballara per a tal fi integrada per distints diputats. En nom de l\u2019organisme provincial, el seu president, Miguel Paredes, convidava a la participacio a les diputacions de Castello i Alacant, mentres que la comissio organisava un cicle de conferencies baix el titul \u201cPor la Autonom\u00eda\u201d en el que oferia la tribuna de la corporacio a professionals, politics, intelectuals&#8230; per a que plasmaren la seua opinio al respecte i marcaren o posaren a debat els continguts dels que deuria constar el proyecte autonomiste. El d<a href=\"http:\/\/www.convenciovalencianista.org\/wp-content\/uploads\/2019\/10\/Valencia-pide-la-autonomia.png\"><img loading=\"lazy\" decoding=\"async\" class=\"size-medium wp-image-650 alignright\" src=\"http:\/\/www.convenciovalencianista.org\/wp-content\/uploads\/2019\/10\/Valencia-pide-la-autonomia-300x128.png\" alt=\"\" width=\"300\" height=\"128\" srcset=\"https:\/\/convenciovalencianista.org\/wp-content\/uploads\/2019\/10\/Valencia-pide-la-autonomia-300x128.png 300w, https:\/\/convenciovalencianista.org\/wp-content\/uploads\/2019\/10\/Valencia-pide-la-autonomia.png 412w\" sizes=\"(max-width: 300px) 100vw, 300px\" \/><\/a>ia 27 de novembre es reclamava de la prensa que donara publicitat a la nota oficial que animava a l\u2019assistencia i participacio en el cicle. Ara fa ya cent anys s\u2019abord\u00e0 un proyecte autonomiste que implic\u00e0 a importants i representatives persones de la societat valenciana que, en els seus parlaments, que deixaren escrits, se posicionaven respecte d\u2019est ilusionant objectiu en el que se caminava, casi de manera paralela, com ya s\u2019ha dit, al d\u2019uns atres similars que anaven prenint cos en diverses arees de l\u2019Estat, alguns dels quals duyen ya caminats molts passos per davant. Desafortunadament les diputacions d\u2019Alacant i de Castello no se sumaren al proyecte, quedant a l\u2019expectativa de lo que acontenyguera en la corporacio de Valencia. Esta historia es repetiria en epoca de la Segona Republica, quan en els anys 30, de nou, s\u2019inici\u00e0 la demanda de l\u2019autonomia i la redaccio d\u2019un estatut que arranc\u00e0 sense la participacio d\u2019aquelles i que, per esta i per unes atres diverses causes, qued\u00e0 frustrat. La comissio constituida en la Diputacio de Valencia propongue una ampla llista de possibles participants en lo que anava a materialisar-se en un cicle de conferencies. Es barallaren distints noms, i se n\u2019oferiren d\u2019atres; a la fi participaren: Ignaci Villalonga i Villalba (advocat, financer i politic), Facundo Burriel Garc\u00eda Polavieja (advocat i politic), Jos\u00e9 Barber\u00e1 Falc\u00f3 (dec\u00e0 del Colege d\u2019Advocats), Ricardo Samper Ib\u00e1\u00f1ez (advocat i politic), Vicente Gay i Forner (catedratic d\u2019Economia), Luis Garc\u00eda Guijarro (advocat i empresari agrari), Facundo Gil Perot\u00edn (dec\u00e0 del Colege de Notaris), Juan J. Pardo P\u00e9rez (politic), Salvador Ferrandis Luna (advocat i escritor), Francesc Mart\u00ednez i Martinez (advocat, erudit, escritor), Augusto Villalonga Alemany (notari), Modesto Jim\u00e9nez de Bentrosa (advocat i politic) i Llu\u00efs Fullana i Mira (religios, filolec). Tretze conferencies, mes una introductoria de caracter institucional, pronunciada pel vicepresident de la Diputacio i president de la Comissio, Jim\u00e9nez de Bentrosa, conformaren el gros d\u2019aquella iniciativa. El cicle, baix el titul generic ya senyalat de \u201cPor la Autonom\u00eda\u201d, s\u2019inaugurava el dissabte dia 30 de novembre i les distintes intervencions s\u2019havia previst que foren cada dimarts i divendres de lo que restava del mes i durant giner de 1919. A la fi els \u201chomens de l\u2019autonomia\u201d abordaren els temes (llistats en el mateix orde que els conferenciants en el paragraf anterior): \u201cSubstantivitat del valencianisme\u201d, \u201cEl derecho privado en el Regionalismo valenciano\u201d, \u201cRegionalismo\u201d, \u201cEl Regionalismo en el actual momento pol\u00edtico\u201d, \u201cUn problema de Derecho p\u00fablico\u201d, \u201cAutonom\u00eda, su concepto y alianza. Su desenvolvimiento en la pol\u00edtica general y local\u201d, \u201cRegionalismo y Nacionalismo\u201d, \u201cAutonom\u00eda Municipal\u201d, \u201cRegio Valenciana. Funcionaris en la mateixa. Mancomunitats. Llegislacio i idioma\u201d, \u201cLa Autonom\u00eda Municipal y Regional es predominantemente, en el actual momento de nuestra evoluci\u00f3n pol\u00edtica, un problema de estructura del Estado espa\u00f1ol\u201d, \u201cOrganizaci\u00f3n Regional valenciana\u201d i \u201cOficialitat de la llengua\u201d. L\u2019idioma dels oradors no fon problema, des del primer moment es deix\u00e0 llibertat per a expressar-se en la llengua que consideraren. La diversitat es comprov\u00e0 a mida que alvan\u00e7ava el cicle, d\u2019igual manera que els diferents posicionaments entorn al tema tractat; des dels mes esceptics, que temien pel trecament i fragmentacio d\u2019Espanya, fins als mes entusiastes i favorables, que advocaven per una autonomia plena \u2013integral, dien\u2013, sempre dins del marc d\u2019un Estat espanyol que ya alguns plantejaven federal i respectuos en la diversitat dels pobles que el conformen. Qued\u00e0 patent tambe que la teorisacio i propostes de Pi i Margall eren conegudes, si no per tots, si per la majoria, ya que el catalanisme politic, ideologia expansionista farcida de connotacions imperialistes, comen\u00e7ava a buscar aliats \u2013mes be seguidors\u2013 fora de la seua demarcacio estricta. Alguns valencians ya llavors es prestaren a ser els seus heralts, molts d\u2019ells membres de la Joventut Valencianista, encara que no fon el cas del conjunt dels \u201chomens de l\u2019autonomia\u201d. La Correspondencia de Valencia, el diari mes procliu a l\u2019autonomisme i veu del regionalisme o nacionalisme valenci\u00e0, mes concretament de l\u2019Uni\u00f3 Valencianista Regional d\u2019Ignaci Villalonga, es el que mes espai dedic\u00e0 en les seues planes a informar del desenroll del cicle, bolcant gran part del contingut de les distintes conferencies en les respectives resenyes. No falt\u00e0 l\u2019informacio en Las Provincias, en el Diario de Valencia \u2013prou critic\u2013 o en El Pueblo&#8230; Tot est esclat qued\u00e0 diluit rapidament de la mateixa manera en que havia irromput en les aspiracions de la societat valenciana. Desencant, confrontacions entre els partits o els dirigents politics, falta d\u2019implicacio de bona part de la burguesia&#8230; feren que no es tardara massa en desunflar-se socialment aquella aspiracio i, ni en el mateix diari que tant d\u2019espai havia dedicat a l\u2019informacio del tema, sobreixiran croniques per a informar d\u2019algun alvan\u00e7, entre unes atres coses perque no el hi hague. Es cert que no tot acab\u00e0 en l\u2019ultima conferencia, puix tant la Diputacio com l\u2019Ajuntament de Valencia havien proyectat una assamblea conjunta per al mes de febrer de 1919, la qual qued\u00e0 ajornada sine die a instancies de la Diputacio, que consider\u00e0 que primer convenia que els membres de la Comissio per ella nomenada, mes els secretaris i contadors de les dos institucions, prepararen uns treballs que donaren forma al borrador del \u201cproyecte de Bases autonomiques\u201d. En este sentit, el diputat Burriel pronte present\u00e0 un document \u201cBases o Cuestionario presentado a la Comisi\u00f3n de Autonom\u00eda&#8230; para que sirva de tema inicial a los trabajos de la Comisi\u00f3n\u201d. La Comissio segui treballant i se redactaren varies propostes. Lo cert es que quedaren per a l\u2019archiu, i aquelles aspiracions acabaren frustrades. Era precis fer memoria d\u2019aquella campanya i de l\u2019ilusio en que fon afrontada, era necessari fer este recordatori per tots aquells personages que apostaren pel tema, que aportaren, des de la diversitat i inclus la discrepancia, el seu saber per a encaixar una aspiracio que se considerava justa en un estat en greus problemes de governabilitat i en un centralisme que, com sempre, asfixiava a territoris dinamics que li aportaven, per contra, molta riquea. Haurien de passar mes de 60 anys per a vore c\u00f3m, en un nou periodo democratic, se conseguia un estatut d\u2019autonomia per als valencians, no sense salvar moltes dificultats i deixar per resoldre temes identitaris que encara son una sagnia i un obstacul per a que, com a poble, tots pugam remar en el mateix sentit.<\/p>\n<p style=\"text-align: right;\">JULI MORENO I MORENO<br \/>\nMestre i llicenciat en Historia<\/p>\n","protected":false},"excerpt":{"rendered":"<p>Vullc comen\u00e7ar recordant la famosa sentencia de Nicol\u00e1s Avellaneda: \u201cEls pobles que obliden la seua historia estan condenats a repetir-la\u201d, o be aquella atra de Milan Kundera en el seu llibre Del riure i de l\u2019oblit, que ve a colacio per la situacio tan peculiar de la societat valenciana a la qual li es de [&hellip;]<\/p>\n","protected":false},"author":2,"featured_media":0,"comment_status":"closed","ping_status":"closed","sticky":false,"template":"","format":"standard","meta":{"footnotes":""},"categories":[7],"tags":[],"yoast_head":"<!-- This site is optimized with the Yoast SEO plugin v21.5 - https:\/\/yoast.com\/wordpress\/plugins\/seo\/ -->\n<title>\u201c\u00a1Per l\u2019Autonomia!\u201d Ara fa cent anys - Convenci\u00f3 Valencianista<\/title>\n<meta name=\"robots\" content=\"index, follow, max-snippet:-1, max-image-preview:large, max-video-preview:-1\" \/>\n<link rel=\"canonical\" href=\"https:\/\/convenciovalencianista.org\/?p=649\" \/>\n<meta property=\"og:locale\" content=\"es_ES\" \/>\n<meta property=\"og:type\" content=\"article\" \/>\n<meta property=\"og:title\" content=\"\u201c\u00a1Per l\u2019Autonomia!\u201d Ara fa cent anys - Convenci\u00f3 Valencianista\" \/>\n<meta property=\"og:description\" content=\"Vullc comen\u00e7ar recordant la famosa sentencia de Nicol\u00e1s Avellaneda: \u201cEls pobles que obliden la seua historia estan condenats a repetir-la\u201d, o be aquella atra de Milan Kundera en el seu llibre Del riure i de l\u2019oblit, que ve a colacio per la situacio tan peculiar de la societat valenciana a la qual li es de [&hellip;]\" \/>\n<meta property=\"og:url\" content=\"https:\/\/convenciovalencianista.org\/?p=649\" \/>\n<meta property=\"og:site_name\" content=\"Convenci\u00f3 Valencianista\" \/>\n<meta property=\"article:published_time\" content=\"2019-10-17T14:06:45+00:00\" \/>\n<meta property=\"article:modified_time\" content=\"2019-10-17T14:16:41+00:00\" \/>\n<meta property=\"og:image\" content=\"http:\/\/www.convenciovalencianista.org\/wp-content\/uploads\/2019\/10\/Valencia-pide-la-autonomia-300x128.png\" \/>\n<meta name=\"author\" content=\"Jose\" \/>\n<meta name=\"twitter:card\" content=\"summary_large_image\" \/>\n<meta name=\"twitter:label1\" content=\"Escrito por\" \/>\n\t<meta name=\"twitter:data1\" content=\"Jose\" \/>\n\t<meta name=\"twitter:label2\" content=\"Tiempo de lectura\" \/>\n\t<meta name=\"twitter:data2\" content=\"10 minutos\" \/>\n<script type=\"application\/ld+json\" class=\"yoast-schema-graph\">{\"@context\":\"https:\/\/schema.org\",\"@graph\":[{\"@type\":\"WebPage\",\"@id\":\"https:\/\/convenciovalencianista.org\/?p=649\",\"url\":\"https:\/\/convenciovalencianista.org\/?p=649\",\"name\":\"\u201c\u00a1Per l\u2019Autonomia!\u201d Ara fa cent anys - Convenci\u00f3 Valencianista\",\"isPartOf\":{\"@id\":\"https:\/\/convenciovalencianista.org\/#website\"},\"datePublished\":\"2019-10-17T14:06:45+00:00\",\"dateModified\":\"2019-10-17T14:16:41+00:00\",\"author\":{\"@id\":\"https:\/\/convenciovalencianista.org\/#\/schema\/person\/3d7a64756b09838fd0606c5b59565e45\"},\"breadcrumb\":{\"@id\":\"https:\/\/convenciovalencianista.org\/?p=649#breadcrumb\"},\"inLanguage\":\"es\",\"potentialAction\":[{\"@type\":\"ReadAction\",\"target\":[\"https:\/\/convenciovalencianista.org\/?p=649\"]}]},{\"@type\":\"BreadcrumbList\",\"@id\":\"https:\/\/convenciovalencianista.org\/?p=649#breadcrumb\",\"itemListElement\":[{\"@type\":\"ListItem\",\"position\":1,\"name\":\"Portada\",\"item\":\"https:\/\/convenciovalencianista.org\/\"},{\"@type\":\"ListItem\",\"position\":2,\"name\":\"\u201c\u00a1Per l\u2019Autonomia!\u201d Ara fa cent anys\"}]},{\"@type\":\"WebSite\",\"@id\":\"https:\/\/convenciovalencianista.org\/#website\",\"url\":\"https:\/\/convenciovalencianista.org\/\",\"name\":\"Convenci\u00f3 Valencianista\",\"description\":\"\",\"potentialAction\":[{\"@type\":\"SearchAction\",\"target\":{\"@type\":\"EntryPoint\",\"urlTemplate\":\"https:\/\/convenciovalencianista.org\/?s={search_term_string}\"},\"query-input\":\"required name=search_term_string\"}],\"inLanguage\":\"es\"},{\"@type\":\"Person\",\"@id\":\"https:\/\/convenciovalencianista.org\/#\/schema\/person\/3d7a64756b09838fd0606c5b59565e45\",\"name\":\"Jose\",\"image\":{\"@type\":\"ImageObject\",\"inLanguage\":\"es\",\"@id\":\"https:\/\/convenciovalencianista.org\/#\/schema\/person\/image\/\",\"url\":\"https:\/\/secure.gravatar.com\/avatar\/3701f93771974c93c006ff6804885014?s=96&d=mm&r=g\",\"contentUrl\":\"https:\/\/secure.gravatar.com\/avatar\/3701f93771974c93c006ff6804885014?s=96&d=mm&r=g\",\"caption\":\"Jose\"},\"url\":\"https:\/\/convenciovalencianista.org\/?author=2\"}]}<\/script>\n<!-- \/ Yoast SEO plugin. -->","yoast_head_json":{"title":"\u201c\u00a1Per l\u2019Autonomia!\u201d Ara fa cent anys - Convenci\u00f3 Valencianista","robots":{"index":"index","follow":"follow","max-snippet":"max-snippet:-1","max-image-preview":"max-image-preview:large","max-video-preview":"max-video-preview:-1"},"canonical":"https:\/\/convenciovalencianista.org\/?p=649","og_locale":"es_ES","og_type":"article","og_title":"\u201c\u00a1Per l\u2019Autonomia!\u201d Ara fa cent anys - Convenci\u00f3 Valencianista","og_description":"Vullc comen\u00e7ar recordant la famosa sentencia de Nicol\u00e1s Avellaneda: \u201cEls pobles que obliden la seua historia estan condenats a repetir-la\u201d, o be aquella atra de Milan Kundera en el seu llibre Del riure i de l\u2019oblit, que ve a colacio per la situacio tan peculiar de la societat valenciana a la qual li es de [&hellip;]","og_url":"https:\/\/convenciovalencianista.org\/?p=649","og_site_name":"Convenci\u00f3 Valencianista","article_published_time":"2019-10-17T14:06:45+00:00","article_modified_time":"2019-10-17T14:16:41+00:00","og_image":[{"url":"http:\/\/www.convenciovalencianista.org\/wp-content\/uploads\/2019\/10\/Valencia-pide-la-autonomia-300x128.png"}],"author":"Jose","twitter_card":"summary_large_image","twitter_misc":{"Escrito por":"Jose","Tiempo de lectura":"10 minutos"},"schema":{"@context":"https:\/\/schema.org","@graph":[{"@type":"WebPage","@id":"https:\/\/convenciovalencianista.org\/?p=649","url":"https:\/\/convenciovalencianista.org\/?p=649","name":"\u201c\u00a1Per l\u2019Autonomia!\u201d Ara fa cent anys - Convenci\u00f3 Valencianista","isPartOf":{"@id":"https:\/\/convenciovalencianista.org\/#website"},"datePublished":"2019-10-17T14:06:45+00:00","dateModified":"2019-10-17T14:16:41+00:00","author":{"@id":"https:\/\/convenciovalencianista.org\/#\/schema\/person\/3d7a64756b09838fd0606c5b59565e45"},"breadcrumb":{"@id":"https:\/\/convenciovalencianista.org\/?p=649#breadcrumb"},"inLanguage":"es","potentialAction":[{"@type":"ReadAction","target":["https:\/\/convenciovalencianista.org\/?p=649"]}]},{"@type":"BreadcrumbList","@id":"https:\/\/convenciovalencianista.org\/?p=649#breadcrumb","itemListElement":[{"@type":"ListItem","position":1,"name":"Portada","item":"https:\/\/convenciovalencianista.org\/"},{"@type":"ListItem","position":2,"name":"\u201c\u00a1Per l\u2019Autonomia!\u201d Ara fa cent anys"}]},{"@type":"WebSite","@id":"https:\/\/convenciovalencianista.org\/#website","url":"https:\/\/convenciovalencianista.org\/","name":"Convenci\u00f3 Valencianista","description":"","potentialAction":[{"@type":"SearchAction","target":{"@type":"EntryPoint","urlTemplate":"https:\/\/convenciovalencianista.org\/?s={search_term_string}"},"query-input":"required name=search_term_string"}],"inLanguage":"es"},{"@type":"Person","@id":"https:\/\/convenciovalencianista.org\/#\/schema\/person\/3d7a64756b09838fd0606c5b59565e45","name":"Jose","image":{"@type":"ImageObject","inLanguage":"es","@id":"https:\/\/convenciovalencianista.org\/#\/schema\/person\/image\/","url":"https:\/\/secure.gravatar.com\/avatar\/3701f93771974c93c006ff6804885014?s=96&d=mm&r=g","contentUrl":"https:\/\/secure.gravatar.com\/avatar\/3701f93771974c93c006ff6804885014?s=96&d=mm&r=g","caption":"Jose"},"url":"https:\/\/convenciovalencianista.org\/?author=2"}]}},"_links":{"self":[{"href":"https:\/\/convenciovalencianista.org\/index.php?rest_route=\/wp\/v2\/posts\/649"}],"collection":[{"href":"https:\/\/convenciovalencianista.org\/index.php?rest_route=\/wp\/v2\/posts"}],"about":[{"href":"https:\/\/convenciovalencianista.org\/index.php?rest_route=\/wp\/v2\/types\/post"}],"author":[{"embeddable":true,"href":"https:\/\/convenciovalencianista.org\/index.php?rest_route=\/wp\/v2\/users\/2"}],"replies":[{"embeddable":true,"href":"https:\/\/convenciovalencianista.org\/index.php?rest_route=%2Fwp%2Fv2%2Fcomments&post=649"}],"version-history":[{"count":3,"href":"https:\/\/convenciovalencianista.org\/index.php?rest_route=\/wp\/v2\/posts\/649\/revisions"}],"predecessor-version":[{"id":653,"href":"https:\/\/convenciovalencianista.org\/index.php?rest_route=\/wp\/v2\/posts\/649\/revisions\/653"}],"wp:attachment":[{"href":"https:\/\/convenciovalencianista.org\/index.php?rest_route=%2Fwp%2Fv2%2Fmedia&parent=649"}],"wp:term":[{"taxonomy":"category","embeddable":true,"href":"https:\/\/convenciovalencianista.org\/index.php?rest_route=%2Fwp%2Fv2%2Fcategories&post=649"},{"taxonomy":"post_tag","embeddable":true,"href":"https:\/\/convenciovalencianista.org\/index.php?rest_route=%2Fwp%2Fv2%2Ftags&post=649"}],"curies":[{"name":"wp","href":"https:\/\/api.w.org\/{rel}","templated":true}]}}