{"id":734,"date":"2021-03-07T11:29:57","date_gmt":"2021-03-07T09:29:57","guid":{"rendered":"http:\/\/www.convenciovalencianista.org\/?p=734"},"modified":"2021-03-07T11:29:57","modified_gmt":"2021-03-07T09:29:57","slug":"dossier-40-aniversari-normes-del-puig","status":"publish","type":"post","link":"https:\/\/convenciovalencianista.org\/?p=734","title":{"rendered":"Dossier 40 Aniversari Normes d&#8217;El Puig"},"content":{"rendered":"<p>El <strong>7 de mar\u00e7 de 1981<\/strong> ten\u00eda lloc el <strong>acte d\u2019adhesio a les Normes d\u2019El Puig<\/strong>. Una data que el valencianisme hauria d\u2019escriure sempre en lletres d\u2019or en el calendari.<\/p>\n<p>En <strong>Convencio Valencianista<\/strong> hem considerat que el 40 aniversari d\u2019esta la fita mereixia una commemoracio a l\u2019altura de la seua<\/p>\n<figure id=\"attachment_735\" class=\"thumbnail wp-caption alignright\" style=\"width: 310px\"><a href=\"http:\/\/www.convenciovalencianista.org\/wp-content\/uploads\/2021\/03\/dossier_03.jpg\"><img loading=\"lazy\" decoding=\"async\" class=\"size-medium wp-image-735\" src=\"http:\/\/www.convenciovalencianista.org\/wp-content\/uploads\/2021\/03\/dossier_03-300x249.jpg\" alt=\"\" width=\"300\" height=\"249\" srcset=\"https:\/\/convenciovalencianista.org\/wp-content\/uploads\/2021\/03\/dossier_03-300x249.jpg 300w, https:\/\/convenciovalencianista.org\/wp-content\/uploads\/2021\/03\/dossier_03-768x638.jpg 768w, https:\/\/convenciovalencianista.org\/wp-content\/uploads\/2021\/03\/dossier_03-1024x850.jpg 1024w, https:\/\/convenciovalencianista.org\/wp-content\/uploads\/2021\/03\/dossier_03.jpg 2000w\" sizes=\"(max-width: 300px) 100vw, 300px\" \/><\/a><figcaption class=\"caption wp-caption-text\">Especial 40 aniversari Normes d&#8217;El Puig<\/figcaption><\/figure>\n<p>importancia. Donat que les mides sanitaries impedixen actes presencials, hem optat per, eixint-nos de la rutina, confeccionar un numero especial del nostre <strong><em>Dossier<\/em><\/strong>, el qual traem anualment al carrer cada <strong>9 d\u2019Octubre<\/strong> des de 2012. La mampresa no ha pogut eixir millor, puix fins a nou personalitats de lo mes destacat del valencianisme han tingut la generositat de colaborar en la publicacio. El resultat son 24 pagines contenint una llau de senyes interessants, opinions diverses i reflexions cap al futur que fan d\u2019esta edicio una fita en si mateixa per a la nostra associacio.<\/p>\n<p>Els articuls venen firmats, ni mes ni manco, que per <strong>Juli Moreno i Moreno<\/strong>, <strong>Pau Giner i Bayarri<\/strong>,<strong> Manolo Gimeno i Juan<\/strong>, <strong>Voro L\u00f3pez<\/strong>,<strong> Jesualt Masia i Alamar<\/strong>,<strong> Miquel \u00c0ngel Lled\u00f3<\/strong>,<strong> Ricart Pla i Tom\u00e1s<\/strong>, <strong>Antoni Fontelles i Fontestad<\/strong> i<strong> \u00d2scar Rueda Pitarque<\/strong>.<\/p>\n<p>En breu eixir\u00e0 d\u2019imprenta, de lo qual informar\u00e9m puntualment.<\/p>\n","protected":false},"excerpt":{"rendered":"<p>El 7 de mar\u00e7 de 1981 ten\u00eda lloc el acte d\u2019adhesio a les Normes d\u2019El Puig. Una data que el valencianisme hauria d\u2019escriure sempre en lletres d\u2019or en el calendari. En Convencio Valencianista hem considerat que el 40 aniversari d\u2019esta la fita mereixia una commemoracio a l\u2019altura de la seua importancia. Donat que les mides [&hellip;]<\/p>\n","protected":false},"author":2,"featured_media":0,"comment_status":"closed","ping_status":"closed","sticky":false,"template":"","format":"standard","meta":{"footnotes":""},"categories":[7],"tags":[],"yoast_head":"<!-- This site is optimized with the Yoast SEO plugin v21.5 - https:\/\/yoast.com\/wordpress\/plugins\/seo\/ -->\n<title>Dossier 40 Aniversari Normes d&#039;El Puig - Convenci\u00f3 Valencianista<\/title>\n<meta name=\"robots\" content=\"index, follow, max-snippet:-1, max-image-preview:large, max-video-preview:-1\" \/>\n<link rel=\"canonical\" href=\"https:\/\/convenciovalencianista.org\/?p=734\" \/>\n<meta property=\"og:locale\" content=\"es_ES\" \/>\n<meta property=\"og:type\" content=\"article\" \/>\n<meta property=\"og:title\" content=\"Dossier 40 Aniversari Normes d&#039;El Puig - Convenci\u00f3 Valencianista\" \/>\n<meta property=\"og:description\" content=\"El 7 de mar\u00e7 de 1981 ten\u00eda lloc el acte d\u2019adhesio a les Normes d\u2019El Puig. Una data que el valencianisme hauria d\u2019escriure sempre en lletres d\u2019or en el calendari. En Convencio Valencianista hem considerat que el 40 aniversari d\u2019esta la fita mereixia una commemoracio a l\u2019altura de la seua importancia. Donat que les mides [&hellip;]\" \/>\n<meta property=\"og:url\" content=\"https:\/\/convenciovalencianista.org\/?p=734\" \/>\n<meta property=\"og:site_name\" content=\"Convenci\u00f3 Valencianista\" \/>\n<meta property=\"article:published_time\" content=\"2021-03-07T09:29:57+00:00\" \/>\n<meta property=\"og:image\" content=\"http:\/\/www.convenciovalencianista.org\/wp-content\/uploads\/2021\/03\/dossier_03-300x249.jpg\" \/>\n<meta name=\"author\" content=\"Jose\" \/>\n<meta name=\"twitter:card\" content=\"summary_large_image\" \/>\n<meta name=\"twitter:label1\" content=\"Escrito por\" \/>\n\t<meta name=\"twitter:data1\" content=\"Jose\" \/>\n\t<meta name=\"twitter:label2\" content=\"Tiempo de lectura\" \/>\n\t<meta name=\"twitter:data2\" content=\"1 minuto\" \/>\n<script type=\"application\/ld+json\" class=\"yoast-schema-graph\">{\"@context\":\"https:\/\/schema.org\",\"@graph\":[{\"@type\":\"WebPage\",\"@id\":\"https:\/\/convenciovalencianista.org\/?p=734\",\"url\":\"https:\/\/convenciovalencianista.org\/?p=734\",\"name\":\"Dossier 40 Aniversari Normes d'El Puig - Convenci\u00f3 Valencianista\",\"isPartOf\":{\"@id\":\"https:\/\/convenciovalencianista.org\/#website\"},\"datePublished\":\"2021-03-07T09:29:57+00:00\",\"dateModified\":\"2021-03-07T09:29:57+00:00\",\"author\":{\"@id\":\"https:\/\/convenciovalencianista.org\/#\/schema\/person\/3d7a64756b09838fd0606c5b59565e45\"},\"breadcrumb\":{\"@id\":\"https:\/\/convenciovalencianista.org\/?p=734#breadcrumb\"},\"inLanguage\":\"es\",\"potentialAction\":[{\"@type\":\"ReadAction\",\"target\":[\"https:\/\/convenciovalencianista.org\/?p=734\"]}]},{\"@type\":\"BreadcrumbList\",\"@id\":\"https:\/\/convenciovalencianista.org\/?p=734#breadcrumb\",\"itemListElement\":[{\"@type\":\"ListItem\",\"position\":1,\"name\":\"Portada\",\"item\":\"https:\/\/convenciovalencianista.org\/\"},{\"@type\":\"ListItem\",\"position\":2,\"name\":\"Dossier 40 Aniversari Normes d&#8217;El Puig\"}]},{\"@type\":\"WebSite\",\"@id\":\"https:\/\/convenciovalencianista.org\/#website\",\"url\":\"https:\/\/convenciovalencianista.org\/\",\"name\":\"Convenci\u00f3 Valencianista\",\"description\":\"\",\"potentialAction\":[{\"@type\":\"SearchAction\",\"target\":{\"@type\":\"EntryPoint\",\"urlTemplate\":\"https:\/\/convenciovalencianista.org\/?s={search_term_string}\"},\"query-input\":\"required name=search_term_string\"}],\"inLanguage\":\"es\"},{\"@type\":\"Person\",\"@id\":\"https:\/\/convenciovalencianista.org\/#\/schema\/person\/3d7a64756b09838fd0606c5b59565e45\",\"name\":\"Jose\",\"image\":{\"@type\":\"ImageObject\",\"inLanguage\":\"es\",\"@id\":\"https:\/\/convenciovalencianista.org\/#\/schema\/person\/image\/\",\"url\":\"https:\/\/secure.gravatar.com\/avatar\/3701f93771974c93c006ff6804885014?s=96&d=mm&r=g\",\"contentUrl\":\"https:\/\/secure.gravatar.com\/avatar\/3701f93771974c93c006ff6804885014?s=96&d=mm&r=g\",\"caption\":\"Jose\"},\"url\":\"https:\/\/convenciovalencianista.org\/?author=2\"}]}<\/script>\n<!-- \/ Yoast SEO plugin. -->","yoast_head_json":{"title":"Dossier 40 Aniversari Normes d'El Puig - Convenci\u00f3 Valencianista","robots":{"index":"index","follow":"follow","max-snippet":"max-snippet:-1","max-image-preview":"max-image-preview:large","max-video-preview":"max-video-preview:-1"},"canonical":"https:\/\/convenciovalencianista.org\/?p=734","og_locale":"es_ES","og_type":"article","og_title":"Dossier 40 Aniversari Normes d'El Puig - Convenci\u00f3 Valencianista","og_description":"El 7 de mar\u00e7 de 1981 ten\u00eda lloc el acte d\u2019adhesio a les Normes d\u2019El Puig. Una data que el valencianisme hauria d\u2019escriure sempre en lletres d\u2019or en el calendari. En Convencio Valencianista hem considerat que el 40 aniversari d\u2019esta la fita mereixia una commemoracio a l\u2019altura de la seua importancia. Donat que les mides [&hellip;]","og_url":"https:\/\/convenciovalencianista.org\/?p=734","og_site_name":"Convenci\u00f3 Valencianista","article_published_time":"2021-03-07T09:29:57+00:00","og_image":[{"url":"http:\/\/www.convenciovalencianista.org\/wp-content\/uploads\/2021\/03\/dossier_03-300x249.jpg"}],"author":"Jose","twitter_card":"summary_large_image","twitter_misc":{"Escrito por":"Jose","Tiempo de lectura":"1 minuto"},"schema":{"@context":"https:\/\/schema.org","@graph":[{"@type":"WebPage","@id":"https:\/\/convenciovalencianista.org\/?p=734","url":"https:\/\/convenciovalencianista.org\/?p=734","name":"Dossier 40 Aniversari Normes d'El Puig - Convenci\u00f3 Valencianista","isPartOf":{"@id":"https:\/\/convenciovalencianista.org\/#website"},"datePublished":"2021-03-07T09:29:57+00:00","dateModified":"2021-03-07T09:29:57+00:00","author":{"@id":"https:\/\/convenciovalencianista.org\/#\/schema\/person\/3d7a64756b09838fd0606c5b59565e45"},"breadcrumb":{"@id":"https:\/\/convenciovalencianista.org\/?p=734#breadcrumb"},"inLanguage":"es","potentialAction":[{"@type":"ReadAction","target":["https:\/\/convenciovalencianista.org\/?p=734"]}]},{"@type":"BreadcrumbList","@id":"https:\/\/convenciovalencianista.org\/?p=734#breadcrumb","itemListElement":[{"@type":"ListItem","position":1,"name":"Portada","item":"https:\/\/convenciovalencianista.org\/"},{"@type":"ListItem","position":2,"name":"Dossier 40 Aniversari Normes d&#8217;El Puig"}]},{"@type":"WebSite","@id":"https:\/\/convenciovalencianista.org\/#website","url":"https:\/\/convenciovalencianista.org\/","name":"Convenci\u00f3 Valencianista","description":"","potentialAction":[{"@type":"SearchAction","target":{"@type":"EntryPoint","urlTemplate":"https:\/\/convenciovalencianista.org\/?s={search_term_string}"},"query-input":"required name=search_term_string"}],"inLanguage":"es"},{"@type":"Person","@id":"https:\/\/convenciovalencianista.org\/#\/schema\/person\/3d7a64756b09838fd0606c5b59565e45","name":"Jose","image":{"@type":"ImageObject","inLanguage":"es","@id":"https:\/\/convenciovalencianista.org\/#\/schema\/person\/image\/","url":"https:\/\/secure.gravatar.com\/avatar\/3701f93771974c93c006ff6804885014?s=96&d=mm&r=g","contentUrl":"https:\/\/secure.gravatar.com\/avatar\/3701f93771974c93c006ff6804885014?s=96&d=mm&r=g","caption":"Jose"},"url":"https:\/\/convenciovalencianista.org\/?author=2"}]}},"_links":{"self":[{"href":"https:\/\/convenciovalencianista.org\/index.php?rest_route=\/wp\/v2\/posts\/734"}],"collection":[{"href":"https:\/\/convenciovalencianista.org\/index.php?rest_route=\/wp\/v2\/posts"}],"about":[{"href":"https:\/\/convenciovalencianista.org\/index.php?rest_route=\/wp\/v2\/types\/post"}],"author":[{"embeddable":true,"href":"https:\/\/convenciovalencianista.org\/index.php?rest_route=\/wp\/v2\/users\/2"}],"replies":[{"embeddable":true,"href":"https:\/\/convenciovalencianista.org\/index.php?rest_route=%2Fwp%2Fv2%2Fcomments&post=734"}],"version-history":[{"count":1,"href":"https:\/\/convenciovalencianista.org\/index.php?rest_route=\/wp\/v2\/posts\/734\/revisions"}],"predecessor-version":[{"id":736,"href":"https:\/\/convenciovalencianista.org\/index.php?rest_route=\/wp\/v2\/posts\/734\/revisions\/736"}],"wp:attachment":[{"href":"https:\/\/convenciovalencianista.org\/index.php?rest_route=%2Fwp%2Fv2%2Fmedia&parent=734"}],"wp:term":[{"taxonomy":"category","embeddable":true,"href":"https:\/\/convenciovalencianista.org\/index.php?rest_route=%2Fwp%2Fv2%2Fcategories&post=734"},{"taxonomy":"post_tag","embeddable":true,"href":"https:\/\/convenciovalencianista.org\/index.php?rest_route=%2Fwp%2Fv2%2Ftags&post=734"}],"curies":[{"name":"wp","href":"https:\/\/api.w.org\/{rel}","templated":true}]}}