{"id":763,"date":"2021-10-23T15:11:12","date_gmt":"2021-10-23T13:11:12","guid":{"rendered":"http:\/\/www.convenciovalencianista.org\/?p=763"},"modified":"2021-10-24T08:28:30","modified_gmt":"2021-10-24T06:28:30","slug":"rets-en-llibertat","status":"publish","type":"post","link":"https:\/\/convenciovalencianista.org\/?p=763","title":{"rendered":"Sorteig Claus de Llibertat"},"content":{"rendered":"<p style=\"text-align: left;\">L&#8217;alegria de comen\u00e7ar una nova etapa rescatant l&#8217;historica cap\u00e7alera <strong>Claus de Llibertat<\/strong> sumat a la bona rebuda en totes les rets socials de <strong>Convencio Valencianista<\/strong> es un fet molt especial per a\u00a0mosatros.<a href=\"http:\/\/www.convenciovalencianista.org\/wp-content\/uploads\/2021\/10\/Sorteig-Claus.jpeg\"><img loading=\"lazy\" decoding=\"async\" class=\"size-medium wp-image-764 alignright\" src=\"http:\/\/www.convenciovalencianista.org\/wp-content\/uploads\/2021\/10\/Sorteig-Claus-300x251.jpeg\" alt=\"\" width=\"300\" height=\"251\" srcset=\"https:\/\/convenciovalencianista.org\/wp-content\/uploads\/2021\/10\/Sorteig-Claus-300x251.jpeg 300w, https:\/\/convenciovalencianista.org\/wp-content\/uploads\/2021\/10\/Sorteig-Claus-768x644.jpeg 768w, https:\/\/convenciovalencianista.org\/wp-content\/uploads\/2021\/10\/Sorteig-Claus.jpeg 940w\" sizes=\"(max-width: 300px) 100vw, 300px\" \/><\/a><br \/>\nMos hem negat a que quedara nomes com una alegria d&#8217;uns pocs.<br \/>\nPer aixo, des de hui, fins als proxim dissabte 30 d&#8217;octubre a les 19:00, la junta de Convencio ha decidit fer-vos mes particips a tots. Regalant tres eixemplars de <strong>Claus de Llibertat<\/strong> per mig d&#8217;un sorteig en les rets socials.<\/p>\n<p>Per a participar es molt facil, accedix a les nostres rets socials (<a href=\"https:\/\/www.facebook.com\/ConvencioValencianista\">Facebook<\/a>, <a href=\"https:\/\/www.instagram.com\/convencioval\/\">Instagram<\/a> i <a href=\"https:\/\/twitter.com\/ConvencioVal\">Twitter<\/a>), busca la publicacio i seguix les instruccions.<\/p>\n<p>\u00a1\u00a1Moltissima Sort!!<\/p>\n","protected":false},"excerpt":{"rendered":"<p>L&#8217;alegria de comen\u00e7ar una nova etapa rescatant l&#8217;historica cap\u00e7alera Claus de Llibertat sumat a la bona rebuda en totes les rets socials de Convencio Valencianista es un fet molt especial per a\u00a0mosatros. Mos hem negat a que quedara nomes com una alegria d&#8217;uns pocs. Per aixo, des de hui, fins als proxim dissabte 30 d&#8217;octubre [&hellip;]<\/p>\n","protected":false},"author":2,"featured_media":0,"comment_status":"closed","ping_status":"closed","sticky":false,"template":"","format":"standard","meta":{"footnotes":""},"categories":[7],"tags":[],"yoast_head":"<!-- This site is optimized with the Yoast SEO plugin v21.5 - https:\/\/yoast.com\/wordpress\/plugins\/seo\/ -->\n<title>Sorteig Claus de Llibertat - Convenci\u00f3 Valencianista<\/title>\n<meta name=\"robots\" content=\"index, follow, max-snippet:-1, max-image-preview:large, max-video-preview:-1\" \/>\n<link rel=\"canonical\" href=\"https:\/\/convenciovalencianista.org\/?p=763\" \/>\n<meta property=\"og:locale\" content=\"es_ES\" \/>\n<meta property=\"og:type\" content=\"article\" \/>\n<meta property=\"og:title\" content=\"Sorteig Claus de Llibertat - Convenci\u00f3 Valencianista\" \/>\n<meta property=\"og:description\" content=\"L&#8217;alegria de comen\u00e7ar una nova etapa rescatant l&#8217;historica cap\u00e7alera Claus de Llibertat sumat a la bona rebuda en totes les rets socials de Convencio Valencianista es un fet molt especial per a\u00a0mosatros. Mos hem negat a que quedara nomes com una alegria d&#8217;uns pocs. Per aixo, des de hui, fins als proxim dissabte 30 d&#8217;octubre [&hellip;]\" \/>\n<meta property=\"og:url\" content=\"https:\/\/convenciovalencianista.org\/?p=763\" \/>\n<meta property=\"og:site_name\" content=\"Convenci\u00f3 Valencianista\" \/>\n<meta property=\"article:published_time\" content=\"2021-10-23T13:11:12+00:00\" \/>\n<meta property=\"article:modified_time\" content=\"2021-10-24T06:28:30+00:00\" \/>\n<meta property=\"og:image\" content=\"http:\/\/www.convenciovalencianista.org\/wp-content\/uploads\/2021\/10\/Sorteig-Claus-300x251.jpeg\" \/>\n<meta name=\"author\" content=\"Jose\" \/>\n<meta name=\"twitter:card\" content=\"summary_large_image\" \/>\n<meta name=\"twitter:label1\" content=\"Escrito por\" \/>\n\t<meta name=\"twitter:data1\" content=\"Jose\" \/>\n\t<meta name=\"twitter:label2\" content=\"Tiempo de lectura\" \/>\n\t<meta name=\"twitter:data2\" content=\"1 minuto\" \/>\n<script type=\"application\/ld+json\" class=\"yoast-schema-graph\">{\"@context\":\"https:\/\/schema.org\",\"@graph\":[{\"@type\":\"WebPage\",\"@id\":\"https:\/\/convenciovalencianista.org\/?p=763\",\"url\":\"https:\/\/convenciovalencianista.org\/?p=763\",\"name\":\"Sorteig Claus de Llibertat - Convenci\u00f3 Valencianista\",\"isPartOf\":{\"@id\":\"https:\/\/convenciovalencianista.org\/#website\"},\"datePublished\":\"2021-10-23T13:11:12+00:00\",\"dateModified\":\"2021-10-24T06:28:30+00:00\",\"author\":{\"@id\":\"https:\/\/convenciovalencianista.org\/#\/schema\/person\/3d7a64756b09838fd0606c5b59565e45\"},\"breadcrumb\":{\"@id\":\"https:\/\/convenciovalencianista.org\/?p=763#breadcrumb\"},\"inLanguage\":\"es\",\"potentialAction\":[{\"@type\":\"ReadAction\",\"target\":[\"https:\/\/convenciovalencianista.org\/?p=763\"]}]},{\"@type\":\"BreadcrumbList\",\"@id\":\"https:\/\/convenciovalencianista.org\/?p=763#breadcrumb\",\"itemListElement\":[{\"@type\":\"ListItem\",\"position\":1,\"name\":\"Portada\",\"item\":\"https:\/\/convenciovalencianista.org\/\"},{\"@type\":\"ListItem\",\"position\":2,\"name\":\"Sorteig Claus de Llibertat\"}]},{\"@type\":\"WebSite\",\"@id\":\"https:\/\/convenciovalencianista.org\/#website\",\"url\":\"https:\/\/convenciovalencianista.org\/\",\"name\":\"Convenci\u00f3 Valencianista\",\"description\":\"\",\"potentialAction\":[{\"@type\":\"SearchAction\",\"target\":{\"@type\":\"EntryPoint\",\"urlTemplate\":\"https:\/\/convenciovalencianista.org\/?s={search_term_string}\"},\"query-input\":\"required name=search_term_string\"}],\"inLanguage\":\"es\"},{\"@type\":\"Person\",\"@id\":\"https:\/\/convenciovalencianista.org\/#\/schema\/person\/3d7a64756b09838fd0606c5b59565e45\",\"name\":\"Jose\",\"image\":{\"@type\":\"ImageObject\",\"inLanguage\":\"es\",\"@id\":\"https:\/\/convenciovalencianista.org\/#\/schema\/person\/image\/\",\"url\":\"https:\/\/secure.gravatar.com\/avatar\/3701f93771974c93c006ff6804885014?s=96&d=mm&r=g\",\"contentUrl\":\"https:\/\/secure.gravatar.com\/avatar\/3701f93771974c93c006ff6804885014?s=96&d=mm&r=g\",\"caption\":\"Jose\"},\"url\":\"https:\/\/convenciovalencianista.org\/?author=2\"}]}<\/script>\n<!-- \/ Yoast SEO plugin. -->","yoast_head_json":{"title":"Sorteig Claus de Llibertat - Convenci\u00f3 Valencianista","robots":{"index":"index","follow":"follow","max-snippet":"max-snippet:-1","max-image-preview":"max-image-preview:large","max-video-preview":"max-video-preview:-1"},"canonical":"https:\/\/convenciovalencianista.org\/?p=763","og_locale":"es_ES","og_type":"article","og_title":"Sorteig Claus de Llibertat - Convenci\u00f3 Valencianista","og_description":"L&#8217;alegria de comen\u00e7ar una nova etapa rescatant l&#8217;historica cap\u00e7alera Claus de Llibertat sumat a la bona rebuda en totes les rets socials de Convencio Valencianista es un fet molt especial per a\u00a0mosatros. Mos hem negat a que quedara nomes com una alegria d&#8217;uns pocs. Per aixo, des de hui, fins als proxim dissabte 30 d&#8217;octubre [&hellip;]","og_url":"https:\/\/convenciovalencianista.org\/?p=763","og_site_name":"Convenci\u00f3 Valencianista","article_published_time":"2021-10-23T13:11:12+00:00","article_modified_time":"2021-10-24T06:28:30+00:00","og_image":[{"url":"http:\/\/www.convenciovalencianista.org\/wp-content\/uploads\/2021\/10\/Sorteig-Claus-300x251.jpeg"}],"author":"Jose","twitter_card":"summary_large_image","twitter_misc":{"Escrito por":"Jose","Tiempo de lectura":"1 minuto"},"schema":{"@context":"https:\/\/schema.org","@graph":[{"@type":"WebPage","@id":"https:\/\/convenciovalencianista.org\/?p=763","url":"https:\/\/convenciovalencianista.org\/?p=763","name":"Sorteig Claus de Llibertat - Convenci\u00f3 Valencianista","isPartOf":{"@id":"https:\/\/convenciovalencianista.org\/#website"},"datePublished":"2021-10-23T13:11:12+00:00","dateModified":"2021-10-24T06:28:30+00:00","author":{"@id":"https:\/\/convenciovalencianista.org\/#\/schema\/person\/3d7a64756b09838fd0606c5b59565e45"},"breadcrumb":{"@id":"https:\/\/convenciovalencianista.org\/?p=763#breadcrumb"},"inLanguage":"es","potentialAction":[{"@type":"ReadAction","target":["https:\/\/convenciovalencianista.org\/?p=763"]}]},{"@type":"BreadcrumbList","@id":"https:\/\/convenciovalencianista.org\/?p=763#breadcrumb","itemListElement":[{"@type":"ListItem","position":1,"name":"Portada","item":"https:\/\/convenciovalencianista.org\/"},{"@type":"ListItem","position":2,"name":"Sorteig Claus de Llibertat"}]},{"@type":"WebSite","@id":"https:\/\/convenciovalencianista.org\/#website","url":"https:\/\/convenciovalencianista.org\/","name":"Convenci\u00f3 Valencianista","description":"","potentialAction":[{"@type":"SearchAction","target":{"@type":"EntryPoint","urlTemplate":"https:\/\/convenciovalencianista.org\/?s={search_term_string}"},"query-input":"required name=search_term_string"}],"inLanguage":"es"},{"@type":"Person","@id":"https:\/\/convenciovalencianista.org\/#\/schema\/person\/3d7a64756b09838fd0606c5b59565e45","name":"Jose","image":{"@type":"ImageObject","inLanguage":"es","@id":"https:\/\/convenciovalencianista.org\/#\/schema\/person\/image\/","url":"https:\/\/secure.gravatar.com\/avatar\/3701f93771974c93c006ff6804885014?s=96&d=mm&r=g","contentUrl":"https:\/\/secure.gravatar.com\/avatar\/3701f93771974c93c006ff6804885014?s=96&d=mm&r=g","caption":"Jose"},"url":"https:\/\/convenciovalencianista.org\/?author=2"}]}},"_links":{"self":[{"href":"https:\/\/convenciovalencianista.org\/index.php?rest_route=\/wp\/v2\/posts\/763"}],"collection":[{"href":"https:\/\/convenciovalencianista.org\/index.php?rest_route=\/wp\/v2\/posts"}],"about":[{"href":"https:\/\/convenciovalencianista.org\/index.php?rest_route=\/wp\/v2\/types\/post"}],"author":[{"embeddable":true,"href":"https:\/\/convenciovalencianista.org\/index.php?rest_route=\/wp\/v2\/users\/2"}],"replies":[{"embeddable":true,"href":"https:\/\/convenciovalencianista.org\/index.php?rest_route=%2Fwp%2Fv2%2Fcomments&post=763"}],"version-history":[{"count":10,"href":"https:\/\/convenciovalencianista.org\/index.php?rest_route=\/wp\/v2\/posts\/763\/revisions"}],"predecessor-version":[{"id":777,"href":"https:\/\/convenciovalencianista.org\/index.php?rest_route=\/wp\/v2\/posts\/763\/revisions\/777"}],"wp:attachment":[{"href":"https:\/\/convenciovalencianista.org\/index.php?rest_route=%2Fwp%2Fv2%2Fmedia&parent=763"}],"wp:term":[{"taxonomy":"category","embeddable":true,"href":"https:\/\/convenciovalencianista.org\/index.php?rest_route=%2Fwp%2Fv2%2Fcategories&post=763"},{"taxonomy":"post_tag","embeddable":true,"href":"https:\/\/convenciovalencianista.org\/index.php?rest_route=%2Fwp%2Fv2%2Ftags&post=763"}],"curies":[{"name":"wp","href":"https:\/\/api.w.org\/{rel}","templated":true}]}}