{"id":805,"date":"2021-12-22T23:03:00","date_gmt":"2021-12-22T21:03:00","guid":{"rendered":"http:\/\/www.convenciovalencianista.org\/?p=805"},"modified":"2021-12-29T23:10:13","modified_gmt":"2021-12-29T21:10:13","slug":"quarta-edicio-del-premi-joan-costa","status":"publish","type":"post","link":"https:\/\/convenciovalencianista.org\/?p=805","title":{"rendered":"Quarta edicio del Premi \u201cJoan Costa\u201d"},"content":{"rendered":"\n<p>Enguany, coincidint en els XXXIV Premis lliteraris i d&#8217;investigacio \u00abEl Pilo\u00bb es convoca la quarta edicio del premi \u201cJoan Costa\u201d. Premi copatrocinat per <strong>Convencio Valencianista<\/strong> i l\u2019entitat cultural <strong>El Pil\u00f3<\/strong> de Burjassot.<\/p>\n\n\n\n<figure class=\"wp-block-image size-large is-resized\"><a href=\"http:\/\/www.convenciovalencianista.org\/wp-content\/uploads\/2021\/12\/Bases-XXXIV-Premis-El-Pilo-2022_pag-1-scaled.jpg\"><img loading=\"lazy\" decoding=\"async\" src=\"http:\/\/www.convenciovalencianista.org\/wp-content\/uploads\/2021\/12\/Bases-XXXIV-Premis-El-Pilo-2022_pag-1-718x1024.jpg\" alt=\"\" class=\"wp-image-810\" width=\"718\" height=\"1024\" srcset=\"https:\/\/convenciovalencianista.org\/wp-content\/uploads\/2021\/12\/Bases-XXXIV-Premis-El-Pilo-2022_pag-1-718x1024.jpg 718w, https:\/\/convenciovalencianista.org\/wp-content\/uploads\/2021\/12\/Bases-XXXIV-Premis-El-Pilo-2022_pag-1-210x300.jpg 210w, https:\/\/convenciovalencianista.org\/wp-content\/uploads\/2021\/12\/Bases-XXXIV-Premis-El-Pilo-2022_pag-1-768x1095.jpg 768w, https:\/\/convenciovalencianista.org\/wp-content\/uploads\/2021\/12\/Bases-XXXIV-Premis-El-Pilo-2022_pag-1-1077x1536.jpg 1077w, https:\/\/convenciovalencianista.org\/wp-content\/uploads\/2021\/12\/Bases-XXXIV-Premis-El-Pilo-2022_pag-1-1436x2048.jpg 1436w, https:\/\/convenciovalencianista.org\/wp-content\/uploads\/2021\/12\/Bases-XXXIV-Premis-El-Pilo-2022_pag-1-scaled.jpg 1795w\" sizes=\"(max-width: 718px) 100vw, 718px\" \/><\/a><figcaption><em>Portada XXXIV Premis Lliteraris i d&#8217;Investigacio \u00abEl Pilo\u00bb<\/em><\/figcaption><\/figure>\n\n\n\n<p>Enguany el tema triat es: <strong>Entitat i identitat del poble valenci\u00e0. An\u00e0lisis del passat i del present. Visio de futur<\/strong>.<\/p>\n\n\n\n<p>Tenint com a data llimit per a presentar els originals fins al <strong>31 de mar\u00e7 de 2022<\/strong>.<\/p>\n\n\n\n<p>El premi consistix en un pilo de bronze i 500 euros.<\/p>\n\n\n\n<p><strong>Les bases s\u2019adequen a les generiques de la convocatoria<\/strong> -que inclou tambe el premi de novela i el de poesia-, ademes d\u2019unes especifiques per al premi d\u2019ensaig.<\/p>\n\n\n\n<p>L\u2019informacio sancera se pot llegir <a href=\"\/wp-content\/documents\/Bases%20XXXIV%20Premis%20El%20Pil%C3%B3%202022.pdf\">aci<\/a><\/p>\n","protected":false},"excerpt":{"rendered":"<p>Enguany, coincidint en els XXXIV Premis lliteraris i d&#8217;investigacio \u00abEl Pilo\u00bb es convoca la quarta edicio del premi \u201cJoan Costa\u201d. Premi copatrocinat per Convencio Valencianista i l\u2019entitat cultural El Pil\u00f3 de Burjassot. Enguany el tema triat es: Entitat i identitat del poble valenci\u00e0. An\u00e0lisis del passat i del present. Visio de futur. Tenint com a [&hellip;]<\/p>\n","protected":false},"author":2,"featured_media":0,"comment_status":"closed","ping_status":"closed","sticky":false,"template":"","format":"standard","meta":{"footnotes":""},"categories":[4],"tags":[],"yoast_head":"<!-- This site is optimized with the Yoast SEO plugin v21.5 - https:\/\/yoast.com\/wordpress\/plugins\/seo\/ -->\n<title>Quarta edicio del Premi \u201cJoan Costa\u201d - Convenci\u00f3 Valencianista<\/title>\n<meta name=\"robots\" content=\"index, follow, max-snippet:-1, max-image-preview:large, max-video-preview:-1\" \/>\n<link rel=\"canonical\" href=\"https:\/\/convenciovalencianista.org\/?p=805\" \/>\n<meta property=\"og:locale\" content=\"es_ES\" \/>\n<meta property=\"og:type\" content=\"article\" \/>\n<meta property=\"og:title\" content=\"Quarta edicio del Premi \u201cJoan Costa\u201d - Convenci\u00f3 Valencianista\" \/>\n<meta property=\"og:description\" content=\"Enguany, coincidint en els XXXIV Premis lliteraris i d&#8217;investigacio \u00abEl Pilo\u00bb es convoca la quarta edicio del premi \u201cJoan Costa\u201d. Premi copatrocinat per Convencio Valencianista i l\u2019entitat cultural El Pil\u00f3 de Burjassot. Enguany el tema triat es: Entitat i identitat del poble valenci\u00e0. An\u00e0lisis del passat i del present. Visio de futur. Tenint com a [&hellip;]\" \/>\n<meta property=\"og:url\" content=\"https:\/\/convenciovalencianista.org\/?p=805\" \/>\n<meta property=\"og:site_name\" content=\"Convenci\u00f3 Valencianista\" \/>\n<meta property=\"article:published_time\" content=\"2021-12-22T21:03:00+00:00\" \/>\n<meta property=\"article:modified_time\" content=\"2021-12-29T21:10:13+00:00\" \/>\n<meta property=\"og:image\" content=\"http:\/\/www.convenciovalencianista.org\/wp-content\/uploads\/2021\/12\/Bases-XXXIV-Premis-El-Pilo-2022_pag-1-718x1024.jpg\" \/>\n<meta name=\"author\" content=\"Jose\" \/>\n<meta name=\"twitter:card\" content=\"summary_large_image\" \/>\n<meta name=\"twitter:label1\" content=\"Escrito por\" \/>\n\t<meta name=\"twitter:data1\" content=\"Jose\" \/>\n\t<meta name=\"twitter:label2\" content=\"Tiempo de lectura\" \/>\n\t<meta name=\"twitter:data2\" content=\"1 minuto\" \/>\n<script type=\"application\/ld+json\" class=\"yoast-schema-graph\">{\"@context\":\"https:\/\/schema.org\",\"@graph\":[{\"@type\":\"WebPage\",\"@id\":\"https:\/\/convenciovalencianista.org\/?p=805\",\"url\":\"https:\/\/convenciovalencianista.org\/?p=805\",\"name\":\"Quarta edicio del Premi \u201cJoan Costa\u201d - Convenci\u00f3 Valencianista\",\"isPartOf\":{\"@id\":\"https:\/\/convenciovalencianista.org\/#website\"},\"datePublished\":\"2021-12-22T21:03:00+00:00\",\"dateModified\":\"2021-12-29T21:10:13+00:00\",\"author\":{\"@id\":\"https:\/\/convenciovalencianista.org\/#\/schema\/person\/3d7a64756b09838fd0606c5b59565e45\"},\"breadcrumb\":{\"@id\":\"https:\/\/convenciovalencianista.org\/?p=805#breadcrumb\"},\"inLanguage\":\"es\",\"potentialAction\":[{\"@type\":\"ReadAction\",\"target\":[\"https:\/\/convenciovalencianista.org\/?p=805\"]}]},{\"@type\":\"BreadcrumbList\",\"@id\":\"https:\/\/convenciovalencianista.org\/?p=805#breadcrumb\",\"itemListElement\":[{\"@type\":\"ListItem\",\"position\":1,\"name\":\"Portada\",\"item\":\"https:\/\/convenciovalencianista.org\/\"},{\"@type\":\"ListItem\",\"position\":2,\"name\":\"Quarta edicio del Premi \u201cJoan Costa\u201d\"}]},{\"@type\":\"WebSite\",\"@id\":\"https:\/\/convenciovalencianista.org\/#website\",\"url\":\"https:\/\/convenciovalencianista.org\/\",\"name\":\"Convenci\u00f3 Valencianista\",\"description\":\"\",\"potentialAction\":[{\"@type\":\"SearchAction\",\"target\":{\"@type\":\"EntryPoint\",\"urlTemplate\":\"https:\/\/convenciovalencianista.org\/?s={search_term_string}\"},\"query-input\":\"required name=search_term_string\"}],\"inLanguage\":\"es\"},{\"@type\":\"Person\",\"@id\":\"https:\/\/convenciovalencianista.org\/#\/schema\/person\/3d7a64756b09838fd0606c5b59565e45\",\"name\":\"Jose\",\"image\":{\"@type\":\"ImageObject\",\"inLanguage\":\"es\",\"@id\":\"https:\/\/convenciovalencianista.org\/#\/schema\/person\/image\/\",\"url\":\"https:\/\/secure.gravatar.com\/avatar\/3701f93771974c93c006ff6804885014?s=96&d=mm&r=g\",\"contentUrl\":\"https:\/\/secure.gravatar.com\/avatar\/3701f93771974c93c006ff6804885014?s=96&d=mm&r=g\",\"caption\":\"Jose\"},\"url\":\"https:\/\/convenciovalencianista.org\/?author=2\"}]}<\/script>\n<!-- \/ Yoast SEO plugin. -->","yoast_head_json":{"title":"Quarta edicio del Premi \u201cJoan Costa\u201d - Convenci\u00f3 Valencianista","robots":{"index":"index","follow":"follow","max-snippet":"max-snippet:-1","max-image-preview":"max-image-preview:large","max-video-preview":"max-video-preview:-1"},"canonical":"https:\/\/convenciovalencianista.org\/?p=805","og_locale":"es_ES","og_type":"article","og_title":"Quarta edicio del Premi \u201cJoan Costa\u201d - Convenci\u00f3 Valencianista","og_description":"Enguany, coincidint en els XXXIV Premis lliteraris i d&#8217;investigacio \u00abEl Pilo\u00bb es convoca la quarta edicio del premi \u201cJoan Costa\u201d. Premi copatrocinat per Convencio Valencianista i l\u2019entitat cultural El Pil\u00f3 de Burjassot. Enguany el tema triat es: Entitat i identitat del poble valenci\u00e0. An\u00e0lisis del passat i del present. Visio de futur. Tenint com a [&hellip;]","og_url":"https:\/\/convenciovalencianista.org\/?p=805","og_site_name":"Convenci\u00f3 Valencianista","article_published_time":"2021-12-22T21:03:00+00:00","article_modified_time":"2021-12-29T21:10:13+00:00","og_image":[{"url":"http:\/\/www.convenciovalencianista.org\/wp-content\/uploads\/2021\/12\/Bases-XXXIV-Premis-El-Pilo-2022_pag-1-718x1024.jpg"}],"author":"Jose","twitter_card":"summary_large_image","twitter_misc":{"Escrito por":"Jose","Tiempo de lectura":"1 minuto"},"schema":{"@context":"https:\/\/schema.org","@graph":[{"@type":"WebPage","@id":"https:\/\/convenciovalencianista.org\/?p=805","url":"https:\/\/convenciovalencianista.org\/?p=805","name":"Quarta edicio del Premi \u201cJoan Costa\u201d - Convenci\u00f3 Valencianista","isPartOf":{"@id":"https:\/\/convenciovalencianista.org\/#website"},"datePublished":"2021-12-22T21:03:00+00:00","dateModified":"2021-12-29T21:10:13+00:00","author":{"@id":"https:\/\/convenciovalencianista.org\/#\/schema\/person\/3d7a64756b09838fd0606c5b59565e45"},"breadcrumb":{"@id":"https:\/\/convenciovalencianista.org\/?p=805#breadcrumb"},"inLanguage":"es","potentialAction":[{"@type":"ReadAction","target":["https:\/\/convenciovalencianista.org\/?p=805"]}]},{"@type":"BreadcrumbList","@id":"https:\/\/convenciovalencianista.org\/?p=805#breadcrumb","itemListElement":[{"@type":"ListItem","position":1,"name":"Portada","item":"https:\/\/convenciovalencianista.org\/"},{"@type":"ListItem","position":2,"name":"Quarta edicio del Premi \u201cJoan Costa\u201d"}]},{"@type":"WebSite","@id":"https:\/\/convenciovalencianista.org\/#website","url":"https:\/\/convenciovalencianista.org\/","name":"Convenci\u00f3 Valencianista","description":"","potentialAction":[{"@type":"SearchAction","target":{"@type":"EntryPoint","urlTemplate":"https:\/\/convenciovalencianista.org\/?s={search_term_string}"},"query-input":"required name=search_term_string"}],"inLanguage":"es"},{"@type":"Person","@id":"https:\/\/convenciovalencianista.org\/#\/schema\/person\/3d7a64756b09838fd0606c5b59565e45","name":"Jose","image":{"@type":"ImageObject","inLanguage":"es","@id":"https:\/\/convenciovalencianista.org\/#\/schema\/person\/image\/","url":"https:\/\/secure.gravatar.com\/avatar\/3701f93771974c93c006ff6804885014?s=96&d=mm&r=g","contentUrl":"https:\/\/secure.gravatar.com\/avatar\/3701f93771974c93c006ff6804885014?s=96&d=mm&r=g","caption":"Jose"},"url":"https:\/\/convenciovalencianista.org\/?author=2"}]}},"_links":{"self":[{"href":"https:\/\/convenciovalencianista.org\/index.php?rest_route=\/wp\/v2\/posts\/805"}],"collection":[{"href":"https:\/\/convenciovalencianista.org\/index.php?rest_route=\/wp\/v2\/posts"}],"about":[{"href":"https:\/\/convenciovalencianista.org\/index.php?rest_route=\/wp\/v2\/types\/post"}],"author":[{"embeddable":true,"href":"https:\/\/convenciovalencianista.org\/index.php?rest_route=\/wp\/v2\/users\/2"}],"replies":[{"embeddable":true,"href":"https:\/\/convenciovalencianista.org\/index.php?rest_route=%2Fwp%2Fv2%2Fcomments&post=805"}],"version-history":[{"count":4,"href":"https:\/\/convenciovalencianista.org\/index.php?rest_route=\/wp\/v2\/posts\/805\/revisions"}],"predecessor-version":[{"id":811,"href":"https:\/\/convenciovalencianista.org\/index.php?rest_route=\/wp\/v2\/posts\/805\/revisions\/811"}],"wp:attachment":[{"href":"https:\/\/convenciovalencianista.org\/index.php?rest_route=%2Fwp%2Fv2%2Fmedia&parent=805"}],"wp:term":[{"taxonomy":"category","embeddable":true,"href":"https:\/\/convenciovalencianista.org\/index.php?rest_route=%2Fwp%2Fv2%2Fcategories&post=805"},{"taxonomy":"post_tag","embeddable":true,"href":"https:\/\/convenciovalencianista.org\/index.php?rest_route=%2Fwp%2Fv2%2Ftags&post=805"}],"curies":[{"name":"wp","href":"https:\/\/api.w.org\/{rel}","templated":true}]}}