{"id":850,"date":"2022-01-26T17:46:19","date_gmt":"2022-01-26T15:46:19","guid":{"rendered":"https:\/\/convenciovalencianista.org\/?p=850"},"modified":"2022-01-28T17:20:13","modified_gmt":"2022-01-28T15:20:13","slug":"els-efemerits-que-te-perts","status":"publish","type":"post","link":"https:\/\/convenciovalencianista.org\/?p=850","title":{"rendered":"Els acontenyiments que te perts"},"content":{"rendered":"\n<p>Enguany, com l&#8217;any passat, el nostre calendari interassociatiu ve carregat de molts acontenyiments i, curiositats que te faran estimar a Val\u00e9ncia. Marques verdes que senyalisaran dies importants com ho es hui, dia 28 de giner.<\/p>\n\n\n\n<p>Corria l&#8217;any 1883 i fon precisament en este dia quan naixque en Val\u00e9ncia ciutat Ascensi\u00f3n Chirivella Mar\u00edn. Una dona destinada a trencar barreres i a convertir-se en tot un referent per a les dones, no nomes valencianes, sino que tambe per a les espanyoles.<\/p>\n\n\n\n<p>Ella consegui ser la primera dona llicenciada en Dret que pogue colegiar-se en Espanya per a eixercir d&#8217;advocada. Merit que durant molts anys li s&#8217;atribui a la malaguenya Victoria Kent. Pero com en aquell moment, l&#8217;historia ha volgut tornar-li lo seu i des de l&#8217;any passat, per fi, Ascensi\u00f3n ha recuperat l&#8217;importancia que mereix.<\/p>\n\n\n\n<p>Des de Convencio mos agradaria dedicar-li un menudiu homenage fins a que tinga el seu corresponent i mereixcut <a href=\"https:\/\/convenciovalencianista.org\/?page_id=12\">Tots els dies 9<\/a>. Un senzill homenage per a una dona molt gran que fon ferma defensora del nostre Dret Civil Valenci\u00e0. Ixc\u00e0 el temps mos torne, com ad ella, l&#8217;importancia que Val\u00e9ncia i el seu Dret Civil mereixen.<\/p>\n\n\n\n<p>Mentres, si voleu, podeu anar revisant el Calendari Interassociatiu d&#8217;enguany. Esta no es l&#8217;unica data a senyalar ni l&#8217;unic aconteniment important que vos espera en el seu interior. Esperem que vos siguen d&#8217;interes.  <\/p>\n\n\n\n<div class=\"wp-block-image\"><figure class=\"aligncenter size-full is-resized\"><a href=\"https:\/\/convenciovalencianista.org\/wp-content\/uploads\/2022\/01\/Giner-2022.png\"><img loading=\"lazy\" decoding=\"async\" src=\"https:\/\/convenciovalencianista.org\/wp-content\/uploads\/2022\/01\/Giner-2022.png\" alt=\"\" class=\"wp-image-851\" width=\"276\" height=\"431\" srcset=\"https:\/\/convenciovalencianista.org\/wp-content\/uploads\/2022\/01\/Giner-2022.png 576w, https:\/\/convenciovalencianista.org\/wp-content\/uploads\/2022\/01\/Giner-2022-192x300.png 192w\" sizes=\"(max-width: 276px) 100vw, 276px\" \/><\/a><figcaption>Calendari interassociatiu valenci\u00e0. Mes de giner de 2022<\/figcaption><\/figure><\/div>\n","protected":false},"excerpt":{"rendered":"<p>Enguany, com l&#8217;any passat, el nostre calendari interassociatiu ve carregat de molts acontenyiments i, curiositats que te faran estimar a Val\u00e9ncia. Marques verdes que senyalisaran dies importants com ho es hui, dia 28 de giner. Corria l&#8217;any 1883 i fon precisament en este dia quan naixque en Val\u00e9ncia ciutat Ascensi\u00f3n Chirivella Mar\u00edn. Una dona destinada [&hellip;]<\/p>\n","protected":false},"author":2,"featured_media":857,"comment_status":"closed","ping_status":"closed","sticky":false,"template":"","format":"standard","meta":{"footnotes":""},"categories":[13],"tags":[],"yoast_head":"<!-- This site is optimized with the Yoast SEO plugin v21.5 - https:\/\/yoast.com\/wordpress\/plugins\/seo\/ -->\n<title>Els acontenyiments que te perts - Convenci\u00f3 Valencianista<\/title>\n<meta name=\"robots\" content=\"index, follow, max-snippet:-1, max-image-preview:large, max-video-preview:-1\" \/>\n<link rel=\"canonical\" href=\"https:\/\/convenciovalencianista.org\/?p=850\" \/>\n<meta property=\"og:locale\" content=\"es_ES\" \/>\n<meta property=\"og:type\" content=\"article\" \/>\n<meta property=\"og:title\" content=\"Els acontenyiments que te perts - Convenci\u00f3 Valencianista\" \/>\n<meta property=\"og:description\" content=\"Enguany, com l&#8217;any passat, el nostre calendari interassociatiu ve carregat de molts acontenyiments i, curiositats que te faran estimar a Val\u00e9ncia. Marques verdes que senyalisaran dies importants com ho es hui, dia 28 de giner. Corria l&#8217;any 1883 i fon precisament en este dia quan naixque en Val\u00e9ncia ciutat Ascensi\u00f3n Chirivella Mar\u00edn. Una dona destinada [&hellip;]\" \/>\n<meta property=\"og:url\" content=\"https:\/\/convenciovalencianista.org\/?p=850\" \/>\n<meta property=\"og:site_name\" content=\"Convenci\u00f3 Valencianista\" \/>\n<meta property=\"article:published_time\" content=\"2022-01-26T15:46:19+00:00\" \/>\n<meta property=\"article:modified_time\" content=\"2022-01-28T15:20:13+00:00\" \/>\n<meta property=\"og:image\" content=\"https:\/\/convenciovalencianista.org\/wp-content\/uploads\/2022\/01\/Picsart_22-01-28_07-49-28-879.jpg\" \/>\n\t<meta property=\"og:image:width\" content=\"1920\" \/>\n\t<meta property=\"og:image:height\" content=\"1080\" \/>\n\t<meta property=\"og:image:type\" content=\"image\/jpeg\" \/>\n<meta name=\"author\" content=\"Jose\" \/>\n<meta name=\"twitter:card\" content=\"summary_large_image\" \/>\n<meta name=\"twitter:label1\" content=\"Escrito por\" \/>\n\t<meta name=\"twitter:data1\" content=\"Jose\" \/>\n\t<meta name=\"twitter:label2\" content=\"Tiempo de lectura\" \/>\n\t<meta name=\"twitter:data2\" content=\"1 minuto\" \/>\n<script type=\"application\/ld+json\" class=\"yoast-schema-graph\">{\"@context\":\"https:\/\/schema.org\",\"@graph\":[{\"@type\":\"WebPage\",\"@id\":\"https:\/\/convenciovalencianista.org\/?p=850\",\"url\":\"https:\/\/convenciovalencianista.org\/?p=850\",\"name\":\"Els acontenyiments que te perts - Convenci\u00f3 Valencianista\",\"isPartOf\":{\"@id\":\"https:\/\/convenciovalencianista.org\/#website\"},\"datePublished\":\"2022-01-26T15:46:19+00:00\",\"dateModified\":\"2022-01-28T15:20:13+00:00\",\"author\":{\"@id\":\"https:\/\/convenciovalencianista.org\/#\/schema\/person\/3d7a64756b09838fd0606c5b59565e45\"},\"breadcrumb\":{\"@id\":\"https:\/\/convenciovalencianista.org\/?p=850#breadcrumb\"},\"inLanguage\":\"es\",\"potentialAction\":[{\"@type\":\"ReadAction\",\"target\":[\"https:\/\/convenciovalencianista.org\/?p=850\"]}]},{\"@type\":\"BreadcrumbList\",\"@id\":\"https:\/\/convenciovalencianista.org\/?p=850#breadcrumb\",\"itemListElement\":[{\"@type\":\"ListItem\",\"position\":1,\"name\":\"Portada\",\"item\":\"https:\/\/convenciovalencianista.org\/\"},{\"@type\":\"ListItem\",\"position\":2,\"name\":\"Els acontenyiments que te perts\"}]},{\"@type\":\"WebSite\",\"@id\":\"https:\/\/convenciovalencianista.org\/#website\",\"url\":\"https:\/\/convenciovalencianista.org\/\",\"name\":\"Convenci\u00f3 Valencianista\",\"description\":\"\",\"potentialAction\":[{\"@type\":\"SearchAction\",\"target\":{\"@type\":\"EntryPoint\",\"urlTemplate\":\"https:\/\/convenciovalencianista.org\/?s={search_term_string}\"},\"query-input\":\"required name=search_term_string\"}],\"inLanguage\":\"es\"},{\"@type\":\"Person\",\"@id\":\"https:\/\/convenciovalencianista.org\/#\/schema\/person\/3d7a64756b09838fd0606c5b59565e45\",\"name\":\"Jose\",\"image\":{\"@type\":\"ImageObject\",\"inLanguage\":\"es\",\"@id\":\"https:\/\/convenciovalencianista.org\/#\/schema\/person\/image\/\",\"url\":\"https:\/\/secure.gravatar.com\/avatar\/3701f93771974c93c006ff6804885014?s=96&d=mm&r=g\",\"contentUrl\":\"https:\/\/secure.gravatar.com\/avatar\/3701f93771974c93c006ff6804885014?s=96&d=mm&r=g\",\"caption\":\"Jose\"},\"url\":\"https:\/\/convenciovalencianista.org\/?author=2\"}]}<\/script>\n<!-- \/ Yoast SEO plugin. -->","yoast_head_json":{"title":"Els acontenyiments que te perts - Convenci\u00f3 Valencianista","robots":{"index":"index","follow":"follow","max-snippet":"max-snippet:-1","max-image-preview":"max-image-preview:large","max-video-preview":"max-video-preview:-1"},"canonical":"https:\/\/convenciovalencianista.org\/?p=850","og_locale":"es_ES","og_type":"article","og_title":"Els acontenyiments que te perts - Convenci\u00f3 Valencianista","og_description":"Enguany, com l&#8217;any passat, el nostre calendari interassociatiu ve carregat de molts acontenyiments i, curiositats que te faran estimar a Val\u00e9ncia. Marques verdes que senyalisaran dies importants com ho es hui, dia 28 de giner. Corria l&#8217;any 1883 i fon precisament en este dia quan naixque en Val\u00e9ncia ciutat Ascensi\u00f3n Chirivella Mar\u00edn. Una dona destinada [&hellip;]","og_url":"https:\/\/convenciovalencianista.org\/?p=850","og_site_name":"Convenci\u00f3 Valencianista","article_published_time":"2022-01-26T15:46:19+00:00","article_modified_time":"2022-01-28T15:20:13+00:00","og_image":[{"width":1920,"height":1080,"url":"https:\/\/convenciovalencianista.org\/wp-content\/uploads\/2022\/01\/Picsart_22-01-28_07-49-28-879.jpg","type":"image\/jpeg"}],"author":"Jose","twitter_card":"summary_large_image","twitter_misc":{"Escrito por":"Jose","Tiempo de lectura":"1 minuto"},"schema":{"@context":"https:\/\/schema.org","@graph":[{"@type":"WebPage","@id":"https:\/\/convenciovalencianista.org\/?p=850","url":"https:\/\/convenciovalencianista.org\/?p=850","name":"Els acontenyiments que te perts - Convenci\u00f3 Valencianista","isPartOf":{"@id":"https:\/\/convenciovalencianista.org\/#website"},"datePublished":"2022-01-26T15:46:19+00:00","dateModified":"2022-01-28T15:20:13+00:00","author":{"@id":"https:\/\/convenciovalencianista.org\/#\/schema\/person\/3d7a64756b09838fd0606c5b59565e45"},"breadcrumb":{"@id":"https:\/\/convenciovalencianista.org\/?p=850#breadcrumb"},"inLanguage":"es","potentialAction":[{"@type":"ReadAction","target":["https:\/\/convenciovalencianista.org\/?p=850"]}]},{"@type":"BreadcrumbList","@id":"https:\/\/convenciovalencianista.org\/?p=850#breadcrumb","itemListElement":[{"@type":"ListItem","position":1,"name":"Portada","item":"https:\/\/convenciovalencianista.org\/"},{"@type":"ListItem","position":2,"name":"Els acontenyiments que te perts"}]},{"@type":"WebSite","@id":"https:\/\/convenciovalencianista.org\/#website","url":"https:\/\/convenciovalencianista.org\/","name":"Convenci\u00f3 Valencianista","description":"","potentialAction":[{"@type":"SearchAction","target":{"@type":"EntryPoint","urlTemplate":"https:\/\/convenciovalencianista.org\/?s={search_term_string}"},"query-input":"required name=search_term_string"}],"inLanguage":"es"},{"@type":"Person","@id":"https:\/\/convenciovalencianista.org\/#\/schema\/person\/3d7a64756b09838fd0606c5b59565e45","name":"Jose","image":{"@type":"ImageObject","inLanguage":"es","@id":"https:\/\/convenciovalencianista.org\/#\/schema\/person\/image\/","url":"https:\/\/secure.gravatar.com\/avatar\/3701f93771974c93c006ff6804885014?s=96&d=mm&r=g","contentUrl":"https:\/\/secure.gravatar.com\/avatar\/3701f93771974c93c006ff6804885014?s=96&d=mm&r=g","caption":"Jose"},"url":"https:\/\/convenciovalencianista.org\/?author=2"}]}},"_links":{"self":[{"href":"https:\/\/convenciovalencianista.org\/index.php?rest_route=\/wp\/v2\/posts\/850"}],"collection":[{"href":"https:\/\/convenciovalencianista.org\/index.php?rest_route=\/wp\/v2\/posts"}],"about":[{"href":"https:\/\/convenciovalencianista.org\/index.php?rest_route=\/wp\/v2\/types\/post"}],"author":[{"embeddable":true,"href":"https:\/\/convenciovalencianista.org\/index.php?rest_route=\/wp\/v2\/users\/2"}],"replies":[{"embeddable":true,"href":"https:\/\/convenciovalencianista.org\/index.php?rest_route=%2Fwp%2Fv2%2Fcomments&post=850"}],"version-history":[{"count":6,"href":"https:\/\/convenciovalencianista.org\/index.php?rest_route=\/wp\/v2\/posts\/850\/revisions"}],"predecessor-version":[{"id":860,"href":"https:\/\/convenciovalencianista.org\/index.php?rest_route=\/wp\/v2\/posts\/850\/revisions\/860"}],"wp:featuredmedia":[{"embeddable":true,"href":"https:\/\/convenciovalencianista.org\/index.php?rest_route=\/wp\/v2\/media\/857"}],"wp:attachment":[{"href":"https:\/\/convenciovalencianista.org\/index.php?rest_route=%2Fwp%2Fv2%2Fmedia&parent=850"}],"wp:term":[{"taxonomy":"category","embeddable":true,"href":"https:\/\/convenciovalencianista.org\/index.php?rest_route=%2Fwp%2Fv2%2Fcategories&post=850"},{"taxonomy":"post_tag","embeddable":true,"href":"https:\/\/convenciovalencianista.org\/index.php?rest_route=%2Fwp%2Fv2%2Ftags&post=850"}],"curies":[{"name":"wp","href":"https:\/\/api.w.org\/{rel}","templated":true}]}}