{"id":879,"date":"2022-03-08T19:15:47","date_gmt":"2022-03-08T17:15:47","guid":{"rendered":"https:\/\/convenciovalencianista.org\/?p=879"},"modified":"2022-03-08T19:16:41","modified_gmt":"2022-03-08T17:16:41","slug":"el-valencianisme-recolza-la-recuperacio-del-dret-civil-valencia","status":"publish","type":"post","link":"https:\/\/convenciovalencianista.org\/?p=879","title":{"rendered":"El valencianisme recolza la recuperacio del Dret Civil Valenci\u00e0"},"content":{"rendered":"\n<p align=\"JUSTIFY\">Membres del <strong>Rogle Constanti Llombart<\/strong> i de<strong> Convencio Valencianista<\/strong> junt a unes atres entitats de la societat vivil valenciana forem convidats a la jornada que l\u2019<strong>associacio Juristes Valencians<\/strong> (AJV) organis\u00e0, el passat 7 de mar\u00e7 en el <strong>Congr\u00e9s dels Diputats<\/strong>, baix el lema<em> \u201c40 Aniversari Estatut. Hora del Dret Civil Valenci\u00e0\u201d<\/em>.<\/p>\n<p align=\"JUSTIFY\">Partiparem en una jornada reivindictiva sobre la recuperacio del<strong> Dret Civil Valenci\u00e0<\/strong> en la que es desenrollaren varies taules redones al voltant de c\u00f3m i qu\u00edna es la situacio per a que puga prosperar esta iniciativa de recuperacio, despuix d\u2019haver segut tombada pel Tribunal Constitucional, que no dubt\u00e0 en fer-ho retrotaguent-se i amparant-se en al <strong>Decrert de Nova Planta<\/strong> de 1707 en el que el borbo Felip V castig\u00e0 en sanya als valencians, a pesar de la fidelitat i recolzament que li prestaren part i destacats membres de la societat valenciana de l\u2019epoca.<\/p>\n<p align=\"JUSTIFY\">L\u2019acte s\u2019inici\u00e0 en les paraules de la consellera de Participacio, Transparencia, Cooperacio i Calitat Democratica que no dubt\u00e0 en recolzar esta reivindicacio, pero foren juristes, doctors en Dret i professors d\u2019Historia del Dret els qui protagonisaren les intervencions mes documentades sobre la situacio sobre la recuperacio del <strong>Dret Civil Valenci\u00e0<\/strong>, l\u2019estat de la q\u00fcestio i les o la possible via que s\u2019obri proponent una solucio imaginativa que consistix no en una reforma del text constitucional propiament dita, sino en un afegit tecnic a la disposicio adicional.<\/p>\n<p align=\"JUSTIFY\">\u00a0<\/p>\n<p style=\"text-align: center;\" align=\"JUSTIFY\"><a href=\"https:\/\/convenciovalencianista.org\/wp-content\/uploads\/2022\/03\/IMG-20220307-WA0006.jpg\"><img loading=\"lazy\" decoding=\"async\" class=\"alignnone wp-image-880 size-large\" src=\"https:\/\/convenciovalencianista.org\/wp-content\/uploads\/2022\/03\/IMG-20220307-WA0006-1024x768.jpg\" alt=\"\" width=\"648\" height=\"486\" srcset=\"https:\/\/convenciovalencianista.org\/wp-content\/uploads\/2022\/03\/IMG-20220307-WA0006-1024x768.jpg 1024w, https:\/\/convenciovalencianista.org\/wp-content\/uploads\/2022\/03\/IMG-20220307-WA0006-300x225.jpg 300w, https:\/\/convenciovalencianista.org\/wp-content\/uploads\/2022\/03\/IMG-20220307-WA0006-768x576.jpg 768w, https:\/\/convenciovalencianista.org\/wp-content\/uploads\/2022\/03\/IMG-20220307-WA0006-1536x1152.jpg 1536w, https:\/\/convenciovalencianista.org\/wp-content\/uploads\/2022\/03\/IMG-20220307-WA0006.jpg 1600w\" sizes=\"(max-width: 648px) 100vw, 648px\" \/><\/a><\/p>\n<p align=\"JUSTIFY\">Destac\u00e0 l\u2019intervencio del valenci\u00e0 <strong>Pascual Sala<\/strong>, expresident del Tribunal Suprem, del Consell general del Poder Judicial i del Tribunal Constitucional, en la que explic\u00e0 l\u2019utilitat de recuperar el poder llegislar en materia de Dret Civil, lo qual ajudaria a fer mes agil, comoda i viable la vida dels valencians en le seues relacions interpersonals, un dret del que fruixen mes de 15 millons d\u2019espanyols i autonomies en molt menor tradicio historica sobre el mateix, no de bades el Dret foral valenci\u00e0 fon pioner, model i inspirador d\u2019uns atres codics llegislatius historics.<\/p>\n<p align=\"JUSTIFY\">Representacio empresarial, sindical i de partits politics tingueren veu en diferents taules i, si be la majoria coincidiren en que era el moment adequat per a exigir eixe llauger retoc tecnic, no falt\u00e0 qui expongue lo contrari, que igual<em> \u201ceste no era el moment adequat\u201d<\/em>. A\u00e7o, en veu d\u2019un diputat nacional, que pertany a una circumscripcio valenciana, es \u201csempre\u201d l\u2019excusa pefecta per a no comprometre\u2019s i mirar mes pels interessos propis i partidistes que els de la ciutadania a la que deu representar.<\/p>\n<p align=\"JUSTIFY\">Una jornada intensa en la que <strong>Jos\u00e9 Ramon Chirivella<\/strong>, president de AJV, en valentes paraules clausur\u00e0 la jornada interpelant tant als diputats valencians en el Congr\u00e9s com al President del Consell i a les Corts Valencianes a que peguen una ultima espenta per a fer realitat esta justa aspiracio abans del proxim mes de juliol de 2022, data en que celebrar\u00e9m el 40 aniversari de l\u2019Estatut d\u2019Autonomia. Este ser\u00eda el millor regal, la millor prova d\u2019afecte i consideracio.<\/p>\n<p align=\"JUSTIFY\">Des de les nostres associacions seguir\u00e9m recolzant la labor que desenrolla AJV perque coincidim en la necessitat de recuperar i profundisar en tot allo que contribuixca a millorar la vida dels valencians, les nostres aspiracions d\u2019autogovern i elevar la nostra autoestima.<\/p>\n<p style=\"text-align: center;\" align=\"JUSTIFY\"><a href=\"https:\/\/convenciovalencianista.org\/wp-content\/uploads\/2022\/03\/IMG-20220307-WA0005.jpg\"><img loading=\"lazy\" decoding=\"async\" class=\"alignnone wp-image-881 size-large\" src=\"https:\/\/convenciovalencianista.org\/wp-content\/uploads\/2022\/03\/IMG-20220307-WA0005-1024x768.jpg\" alt=\"\" width=\"648\" height=\"486\" srcset=\"https:\/\/convenciovalencianista.org\/wp-content\/uploads\/2022\/03\/IMG-20220307-WA0005-1024x768.jpg 1024w, https:\/\/convenciovalencianista.org\/wp-content\/uploads\/2022\/03\/IMG-20220307-WA0005-300x225.jpg 300w, https:\/\/convenciovalencianista.org\/wp-content\/uploads\/2022\/03\/IMG-20220307-WA0005-768x576.jpg 768w, https:\/\/convenciovalencianista.org\/wp-content\/uploads\/2022\/03\/IMG-20220307-WA0005-1536x1152.jpg 1536w, https:\/\/convenciovalencianista.org\/wp-content\/uploads\/2022\/03\/IMG-20220307-WA0005.jpg 1600w\" sizes=\"(max-width: 648px) 100vw, 648px\" \/><\/a><\/p>\n","protected":false},"excerpt":{"rendered":"<p>Membres del Rogle Constanti Llombart i de Convencio Valencianista junt a unes atres entitats de la societat vivil valenciana forem convidats a la jornada que l\u2019associacio Juristes Valencians (AJV) organis\u00e0, el passat 7 de mar\u00e7 en el Congr\u00e9s dels Diputats, baix el lema \u201c40 Aniversari Estatut. Hora del Dret Civil Valenci\u00e0\u201d. Partiparem en una jornada [&hellip;]<\/p>\n","protected":false},"author":8,"featured_media":882,"comment_status":"closed","ping_status":"closed","sticky":false,"template":"","format":"standard","meta":{"footnotes":""},"categories":[4],"tags":[26,22,23,25,24],"yoast_head":"<!-- This site is optimized with the Yoast SEO plugin v21.5 - https:\/\/yoast.com\/wordpress\/plugins\/seo\/ -->\n<title>El valencianisme recolza la recuperacio del Dret Civil Valenci\u00e0 - Convenci\u00f3 Valencianista<\/title>\n<meta name=\"robots\" content=\"index, follow, max-snippet:-1, max-image-preview:large, max-video-preview:-1\" \/>\n<link rel=\"canonical\" href=\"https:\/\/convenciovalencianista.org\/?p=879\" \/>\n<meta property=\"og:locale\" content=\"es_ES\" \/>\n<meta property=\"og:type\" content=\"article\" \/>\n<meta property=\"og:title\" content=\"El valencianisme recolza la recuperacio del Dret Civil Valenci\u00e0 - Convenci\u00f3 Valencianista\" \/>\n<meta property=\"og:description\" content=\"Membres del Rogle Constanti Llombart i de Convencio Valencianista junt a unes atres entitats de la societat vivil valenciana forem convidats a la jornada que l\u2019associacio Juristes Valencians (AJV) organis\u00e0, el passat 7 de mar\u00e7 en el Congr\u00e9s dels Diputats, baix el lema \u201c40 Aniversari Estatut. Hora del Dret Civil Valenci\u00e0\u201d. Partiparem en una jornada [&hellip;]\" \/>\n<meta property=\"og:url\" content=\"https:\/\/convenciovalencianista.org\/?p=879\" \/>\n<meta property=\"og:site_name\" content=\"Convenci\u00f3 Valencianista\" \/>\n<meta property=\"article:published_time\" content=\"2022-03-08T17:15:47+00:00\" \/>\n<meta property=\"article:modified_time\" content=\"2022-03-08T17:16:41+00:00\" \/>\n<meta property=\"og:image\" content=\"https:\/\/convenciovalencianista.org\/wp-content\/uploads\/2022\/03\/IMG-20220307-WA0027.jpg\" \/>\n\t<meta property=\"og:image:width\" content=\"934\" \/>\n\t<meta property=\"og:image:height\" content=\"623\" \/>\n\t<meta property=\"og:image:type\" content=\"image\/jpeg\" \/>\n<meta name=\"author\" content=\"Javier Navarro\" \/>\n<meta name=\"twitter:card\" content=\"summary_large_image\" \/>\n<meta name=\"twitter:label1\" content=\"Escrito por\" \/>\n\t<meta name=\"twitter:data1\" content=\"Javier Navarro\" \/>\n\t<meta name=\"twitter:label2\" content=\"Tiempo de lectura\" \/>\n\t<meta name=\"twitter:data2\" content=\"3 minutos\" \/>\n<script type=\"application\/ld+json\" class=\"yoast-schema-graph\">{\"@context\":\"https:\/\/schema.org\",\"@graph\":[{\"@type\":\"WebPage\",\"@id\":\"https:\/\/convenciovalencianista.org\/?p=879\",\"url\":\"https:\/\/convenciovalencianista.org\/?p=879\",\"name\":\"El valencianisme recolza la recuperacio del Dret Civil Valenci\u00e0 - Convenci\u00f3 Valencianista\",\"isPartOf\":{\"@id\":\"https:\/\/convenciovalencianista.org\/#website\"},\"datePublished\":\"2022-03-08T17:15:47+00:00\",\"dateModified\":\"2022-03-08T17:16:41+00:00\",\"author\":{\"@id\":\"https:\/\/convenciovalencianista.org\/#\/schema\/person\/27e2cddbbef7d6ec7f07198ee23a39a7\"},\"breadcrumb\":{\"@id\":\"https:\/\/convenciovalencianista.org\/?p=879#breadcrumb\"},\"inLanguage\":\"es\",\"potentialAction\":[{\"@type\":\"ReadAction\",\"target\":[\"https:\/\/convenciovalencianista.org\/?p=879\"]}]},{\"@type\":\"BreadcrumbList\",\"@id\":\"https:\/\/convenciovalencianista.org\/?p=879#breadcrumb\",\"itemListElement\":[{\"@type\":\"ListItem\",\"position\":1,\"name\":\"Portada\",\"item\":\"https:\/\/convenciovalencianista.org\/\"},{\"@type\":\"ListItem\",\"position\":2,\"name\":\"El valencianisme recolza la recuperacio del Dret Civil Valenci\u00e0\"}]},{\"@type\":\"WebSite\",\"@id\":\"https:\/\/convenciovalencianista.org\/#website\",\"url\":\"https:\/\/convenciovalencianista.org\/\",\"name\":\"Convenci\u00f3 Valencianista\",\"description\":\"\",\"potentialAction\":[{\"@type\":\"SearchAction\",\"target\":{\"@type\":\"EntryPoint\",\"urlTemplate\":\"https:\/\/convenciovalencianista.org\/?s={search_term_string}\"},\"query-input\":\"required name=search_term_string\"}],\"inLanguage\":\"es\"},{\"@type\":\"Person\",\"@id\":\"https:\/\/convenciovalencianista.org\/#\/schema\/person\/27e2cddbbef7d6ec7f07198ee23a39a7\",\"name\":\"Javier Navarro\",\"image\":{\"@type\":\"ImageObject\",\"inLanguage\":\"es\",\"@id\":\"https:\/\/convenciovalencianista.org\/#\/schema\/person\/image\/\",\"url\":\"https:\/\/secure.gravatar.com\/avatar\/4e0481d0bf1b2af1593fe25adf46ab67?s=96&d=mm&r=g\",\"contentUrl\":\"https:\/\/secure.gravatar.com\/avatar\/4e0481d0bf1b2af1593fe25adf46ab67?s=96&d=mm&r=g\",\"caption\":\"Javier Navarro\"},\"url\":\"https:\/\/convenciovalencianista.org\/?author=8\"}]}<\/script>\n<!-- \/ Yoast SEO plugin. -->","yoast_head_json":{"title":"El valencianisme recolza la recuperacio del Dret Civil Valenci\u00e0 - Convenci\u00f3 Valencianista","robots":{"index":"index","follow":"follow","max-snippet":"max-snippet:-1","max-image-preview":"max-image-preview:large","max-video-preview":"max-video-preview:-1"},"canonical":"https:\/\/convenciovalencianista.org\/?p=879","og_locale":"es_ES","og_type":"article","og_title":"El valencianisme recolza la recuperacio del Dret Civil Valenci\u00e0 - Convenci\u00f3 Valencianista","og_description":"Membres del Rogle Constanti Llombart i de Convencio Valencianista junt a unes atres entitats de la societat vivil valenciana forem convidats a la jornada que l\u2019associacio Juristes Valencians (AJV) organis\u00e0, el passat 7 de mar\u00e7 en el Congr\u00e9s dels Diputats, baix el lema \u201c40 Aniversari Estatut. Hora del Dret Civil Valenci\u00e0\u201d. Partiparem en una jornada [&hellip;]","og_url":"https:\/\/convenciovalencianista.org\/?p=879","og_site_name":"Convenci\u00f3 Valencianista","article_published_time":"2022-03-08T17:15:47+00:00","article_modified_time":"2022-03-08T17:16:41+00:00","og_image":[{"width":934,"height":623,"url":"https:\/\/convenciovalencianista.org\/wp-content\/uploads\/2022\/03\/IMG-20220307-WA0027.jpg","type":"image\/jpeg"}],"author":"Javier Navarro","twitter_card":"summary_large_image","twitter_misc":{"Escrito por":"Javier Navarro","Tiempo de lectura":"3 minutos"},"schema":{"@context":"https:\/\/schema.org","@graph":[{"@type":"WebPage","@id":"https:\/\/convenciovalencianista.org\/?p=879","url":"https:\/\/convenciovalencianista.org\/?p=879","name":"El valencianisme recolza la recuperacio del Dret Civil Valenci\u00e0 - Convenci\u00f3 Valencianista","isPartOf":{"@id":"https:\/\/convenciovalencianista.org\/#website"},"datePublished":"2022-03-08T17:15:47+00:00","dateModified":"2022-03-08T17:16:41+00:00","author":{"@id":"https:\/\/convenciovalencianista.org\/#\/schema\/person\/27e2cddbbef7d6ec7f07198ee23a39a7"},"breadcrumb":{"@id":"https:\/\/convenciovalencianista.org\/?p=879#breadcrumb"},"inLanguage":"es","potentialAction":[{"@type":"ReadAction","target":["https:\/\/convenciovalencianista.org\/?p=879"]}]},{"@type":"BreadcrumbList","@id":"https:\/\/convenciovalencianista.org\/?p=879#breadcrumb","itemListElement":[{"@type":"ListItem","position":1,"name":"Portada","item":"https:\/\/convenciovalencianista.org\/"},{"@type":"ListItem","position":2,"name":"El valencianisme recolza la recuperacio del Dret Civil Valenci\u00e0"}]},{"@type":"WebSite","@id":"https:\/\/convenciovalencianista.org\/#website","url":"https:\/\/convenciovalencianista.org\/","name":"Convenci\u00f3 Valencianista","description":"","potentialAction":[{"@type":"SearchAction","target":{"@type":"EntryPoint","urlTemplate":"https:\/\/convenciovalencianista.org\/?s={search_term_string}"},"query-input":"required name=search_term_string"}],"inLanguage":"es"},{"@type":"Person","@id":"https:\/\/convenciovalencianista.org\/#\/schema\/person\/27e2cddbbef7d6ec7f07198ee23a39a7","name":"Javier Navarro","image":{"@type":"ImageObject","inLanguage":"es","@id":"https:\/\/convenciovalencianista.org\/#\/schema\/person\/image\/","url":"https:\/\/secure.gravatar.com\/avatar\/4e0481d0bf1b2af1593fe25adf46ab67?s=96&d=mm&r=g","contentUrl":"https:\/\/secure.gravatar.com\/avatar\/4e0481d0bf1b2af1593fe25adf46ab67?s=96&d=mm&r=g","caption":"Javier Navarro"},"url":"https:\/\/convenciovalencianista.org\/?author=8"}]}},"_links":{"self":[{"href":"https:\/\/convenciovalencianista.org\/index.php?rest_route=\/wp\/v2\/posts\/879"}],"collection":[{"href":"https:\/\/convenciovalencianista.org\/index.php?rest_route=\/wp\/v2\/posts"}],"about":[{"href":"https:\/\/convenciovalencianista.org\/index.php?rest_route=\/wp\/v2\/types\/post"}],"author":[{"embeddable":true,"href":"https:\/\/convenciovalencianista.org\/index.php?rest_route=\/wp\/v2\/users\/8"}],"replies":[{"embeddable":true,"href":"https:\/\/convenciovalencianista.org\/index.php?rest_route=%2Fwp%2Fv2%2Fcomments&post=879"}],"version-history":[{"count":2,"href":"https:\/\/convenciovalencianista.org\/index.php?rest_route=\/wp\/v2\/posts\/879\/revisions"}],"predecessor-version":[{"id":884,"href":"https:\/\/convenciovalencianista.org\/index.php?rest_route=\/wp\/v2\/posts\/879\/revisions\/884"}],"wp:featuredmedia":[{"embeddable":true,"href":"https:\/\/convenciovalencianista.org\/index.php?rest_route=\/wp\/v2\/media\/882"}],"wp:attachment":[{"href":"https:\/\/convenciovalencianista.org\/index.php?rest_route=%2Fwp%2Fv2%2Fmedia&parent=879"}],"wp:term":[{"taxonomy":"category","embeddable":true,"href":"https:\/\/convenciovalencianista.org\/index.php?rest_route=%2Fwp%2Fv2%2Fcategories&post=879"},{"taxonomy":"post_tag","embeddable":true,"href":"https:\/\/convenciovalencianista.org\/index.php?rest_route=%2Fwp%2Fv2%2Ftags&post=879"}],"curies":[{"name":"wp","href":"https:\/\/api.w.org\/{rel}","templated":true}]}}